{"id":207740,"date":"2023-09-29T16:09:56","date_gmt":"2023-09-29T14:09:56","guid":{"rendered":"https:\/\/www.sma-sunny.com\/?p=207740"},"modified":"2023-09-29T16:09:56","modified_gmt":"2023-09-29T14:09:56","slug":"justica-energetica-comunidade-dique-da-vila-alzira-inaugura-sistema-de-energia-solar","status":"publish","type":"post","link":"https:\/\/www.sma-sunny.com\/pt-br\/justica-energetica-comunidade-dique-da-vila-alzira-inaugura-sistema-de-energia-solar\/","title":{"rendered":"Justi\u00e7a energ\u00e9tica: comunidade Dique da Vila Alzira inaugura sistema de energia solar"},"content":{"rendered":"<p><b>Sede da Associa\u00e7\u00e3o de Mulheres de Atitude e Compromisso Social (AMAC), integrada \u00e0 Rede Favela Sustent\u00e1vel, inaugura sistema solar de gera\u00e7\u00e3o de energia, buscando a realiza\u00e7\u00e3o do potencial das favelas como modelos de comunidades sustent\u00e1veis.<\/b><\/p>\n<p>A Associa\u00e7\u00e3o de Mulheres de Atitude e Compromisso Social (<a href=\"https:\/\/bit.ly\/44DCXPX\" target=\"_blank\" rel=\"noopener\">AMAC<\/a>), que h\u00e1 11 anos luta pelo direito das mulheres e contra a viol\u00eancia dom\u00e9stica em Duque de Caxias, munic\u00edpio da Baixada Fluminense, acaba de dar mais um passo em seus esfor\u00e7os para tornar-se refer\u00eancia tamb\u00e9m de pr\u00e1ticas sustent\u00e1veis.<\/p>\n<p>A associa\u00e7\u00e3o recebeu jornalistas, lideran\u00e7as comunit\u00e1rias e aliados da Rede Favela Sustent\u00e1vel (<a href=\"http:\/\/www.favelasustentavel.org\/\" target=\"_blank\" rel=\"noopener\">RFS<\/a>) para uma coletiva de imprensa, que contou tamb\u00e9m com a cerim\u00f4nia de lan\u00e7amento oficial da mais nova conquista da associa\u00e7\u00e3o: um sistema de energia solar fotovoltaica instalado na comunidade do Dique da Vila Alzira.<\/p>\n<h2>Potencial inexplorado<\/h2>\n<p>Apesar de possuir um excelente potencial solarim\u00e9trico para a explora\u00e7\u00e3o da energia solar, a Baixada Fluminense ainda aproveita muito pouco essa oportunidade. Com cerca de 57% da popula\u00e7\u00e3o do munic\u00edpio do Rio de Janeiro, e uma \u00e1rea geogr\u00e1fica bem maior, a pot\u00eancia fotovoltaica instalada da regi\u00e3o apresenta apenas 23% da capital do estado. O potencial solar n\u00e3o realizado da regi\u00e3o \u00e9 gigante.<\/p>\n<p>Gabriel Souza, Educador Social da AMAC, comemorou a nova conquista da Associa\u00e7\u00e3o. \u201cQuando a gente v\u00ea a energia solar no nosso territ\u00f3rio, que \u00e9 uma energia mais limpa, ecol\u00f3gica, melhor para o nosso planeta, a gente come\u00e7a a realmente ver a possibilidade de um futuro melhor. Estamos indo pelo trilho correto, correndo atr\u00e1s de nossos sonhos para que nossos sobrinhos, filhos e netos tenham um mundo melhor para viver. E cabe a n\u00f3s prepararmos esse mundo para eles. A AMAC est\u00e1 sendo pioneira em energia solar, em Duque de Caxias\u201d.<\/p>\n<h2>SMA faz doa\u00e7\u00e3o de inversor<\/h2>\n<p>Entre os aliados que fizeram a doa\u00e7\u00e3o de equipamentos e o servi\u00e7o de instala\u00e7\u00e3o est\u00e1 a SMA, fornecedora do inversor utilizado para o sistema solar na AMAC.<\/p>\n<p>Andr\u00e9 Gellers, Country Manager da SMA Brasil, explica a import\u00e2ncia da iniciativa, n\u00e3o s\u00f3 para a SMA, mas tamb\u00e9m para a sociedade como um todo. \u201cO apoio na implementa\u00e7\u00e3o de sistemas solares em comunidades carentes \u00e9 uma medida importante na busca da justi\u00e7a energ\u00e9tica, pois melhora o acesso \u00e0 energia, reduz as desigualdades, promove a sustentabilidade ambiental, criando oportunidades econ\u00f4micas e fortalecendo a resili\u00eancia das comunidades. Isso n\u00e3o apenas beneficia as comunidades diretamente envolvidas, mas tamb\u00e9m contribui para um mundo mais justo e sustent\u00e1vel\u201d.<\/p>\n<p>J\u00e1 Nill Santos, fundadora e presidente da AMAC, conta como a iniciativa ganhou corpo. \u201cA sociedade nos imp\u00f5e uma barreira que n\u00e3o existe. Quando vi a possibilidade de trazer energia solar para o meu territ\u00f3rio, da Baixada Fluminense, onde tudo \u00e9 mais dif\u00edcil e, ao mesmo tempo levar n\u00e3o s\u00f3 para o territ\u00f3rio, mas fazer com que os moradores e os jovens pudessem olhar isso como uma possibilidade de crescimento pessoal e profissional, n\u00e3o pensei duas vezes\u201d.<\/p>\n<h2>Parceria pela justi\u00e7a energ\u00e9tica<\/h2>\n<p><img decoding=\"async\" class=\"alignnone wp-image-207834 size-full lazyload\" data-src=\"https:\/\/www.sma-sunny.com\/wp-content\/uploads\/2023\/09\/Doacao_AMAC_foto2-1.jpg\" alt=\"\" width=\"1920\" height=\"1280\" data-srcset=\"https:\/\/www.sma-sunny.com\/wp-content\/uploads\/2023\/09\/Doacao_AMAC_foto2-1.jpg 1920w, https:\/\/www.sma-sunny.com\/wp-content\/uploads\/2023\/09\/Doacao_AMAC_foto2-1-262x175.jpg 262w, https:\/\/www.sma-sunny.com\/wp-content\/uploads\/2023\/09\/Doacao_AMAC_foto2-1-1024x683.jpg 1024w, https:\/\/www.sma-sunny.com\/wp-content\/uploads\/2023\/09\/Doacao_AMAC_foto2-1-768x512.jpg 768w, https:\/\/www.sma-sunny.com\/wp-content\/uploads\/2023\/09\/Doacao_AMAC_foto2-1-1536x1024.jpg 1536w, https:\/\/www.sma-sunny.com\/wp-content\/uploads\/2023\/09\/Doacao_AMAC_foto2-1-450x300.jpg 450w\" data-sizes=\"(max-width: 1920px) 100vw, 1920px\" src=\"data:image\/svg+xml;base64,PHN2ZyB3aWR0aD0iMSIgaGVpZ2h0PSIxIiB4bWxucz0iaHR0cDovL3d3dy53My5vcmcvMjAwMC9zdmciPjwvc3ZnPg==\" style=\"--smush-placeholder-width: 1920px; --smush-placeholder-aspect-ratio: 1920\/1280;\" \/><\/p>\n<p>Os outros parceiros da inciativa incluem a Solarize Treinamentos Profissionais, empresa tamb\u00e9m ativa como aliada t\u00e9cnica no eixo de justi\u00e7a energ\u00e9tica da RFS. A AE Solar doou os m\u00f3dulos, a Clamper os dispositivos de prote\u00e7\u00e3o contra surtos, a Solar Group as estruturas de fixa\u00e7\u00e3o para os pain\u00e9is, a Almax Energia as ferramentas para a montagem e, a Bold Energy, foi a empresa respons\u00e1vel pela distribui\u00e7\u00e3o dos m\u00f3dulos.<\/p>\n<p>A instru\u00e7\u00e3o foi realizada pela Solarize, que assinou o projeto el\u00e9trico e conduziu o processo frente \u00e0 concession\u00e1ria. O equipamento foi instalado por t\u00e9cnicos da comunidade, capacitados pela Solarize, para que a pr\u00f3pria comunidade possa manter o sistema e gerar renda com essa nova profiss\u00e3o.<\/p>\n<p>\u201cEstamos em um ONG de mulheres para mulheres, para fam\u00edlias. Este foco \u00e9 muito importante, elas precisam de energia mais barata, precisam dessa economia para continuar oferecendo o essencial trabalho que d\u00e3o para suas comunidades\u201d, explica Hans Rauschmayer, da Solarize Treinamentos Profissionais.<\/p>\n<h2>A AMAC<\/h2>\n<p><img decoding=\"async\" class=\"alignnone wp-image-207847 size-full lazyload\" data-src=\"https:\/\/www.sma-sunny.com\/wp-content\/uploads\/2023\/09\/Doacao_AMAC_foto3-1.jpg\" alt=\"\" width=\"1920\" height=\"1080\" data-srcset=\"https:\/\/www.sma-sunny.com\/wp-content\/uploads\/2023\/09\/Doacao_AMAC_foto3-1.jpg 1920w, https:\/\/www.sma-sunny.com\/wp-content\/uploads\/2023\/09\/Doacao_AMAC_foto3-1-262x147.jpg 262w, https:\/\/www.sma-sunny.com\/wp-content\/uploads\/2023\/09\/Doacao_AMAC_foto3-1-1024x576.jpg 1024w, https:\/\/www.sma-sunny.com\/wp-content\/uploads\/2023\/09\/Doacao_AMAC_foto3-1-768x432.jpg 768w, https:\/\/www.sma-sunny.com\/wp-content\/uploads\/2023\/09\/Doacao_AMAC_foto3-1-1536x864.jpg 1536w, https:\/\/www.sma-sunny.com\/wp-content\/uploads\/2023\/09\/Doacao_AMAC_foto3-1-450x253.jpg 450w\" data-sizes=\"(max-width: 1920px) 100vw, 1920px\" src=\"data:image\/svg+xml;base64,PHN2ZyB3aWR0aD0iMSIgaGVpZ2h0PSIxIiB4bWxucz0iaHR0cDovL3d3dy53My5vcmcvMjAwMC9zdmciPjwvc3ZnPg==\" style=\"--smush-placeholder-width: 1920px; --smush-placeholder-aspect-ratio: 1920\/1080;\" \/><\/p>\n<p>A Associa\u00e7\u00e3o de Mulheres de Atitude e Compromisso Social (AMAC) surgiu em 2012 a partir de viv\u00eancias de Nilcimar \u201cNill\u201d Maria Santos, moradora da comunidade do Dique da Vila Alzira.<\/p>\n<p>Os j\u00e1 not\u00f3rios \u00edndices de feminic\u00eddio e ass\u00e9dio sexual v\u00eam aumentando em nosso pa\u00eds, e a Baixada Fluminense lidera o estado do Rio de Janeiro em casos de viol\u00eancia contra a mulher. Infelizmente, Nill foi tamb\u00e9m uma dessas v\u00edtimas.<\/p>\n<p>Em 2007, por\u00e9m, conseguiu quebrar o ciclo da viol\u00eancia e a partir de uma rede de trocas, conversas e acolhimento com outras mulheres de sua comunidade, surgiu a ideia de criar a AMAC.<\/p>\n<p>\u201cA principal miss\u00e3o da AMAC \u00e9 reconstruir e reconstituir vidas, empoderando mulheres, especialmente aquelas que s\u00e3o v\u00edtimas de viol\u00eancia dom\u00e9stica. A AMAC \u00e9 respons\u00e1vel por muitas atividades e movimentos, que visam capacitar e educar as comunidades de Caxias sobre os direitos das mulheres\u201d, conclui ela.<\/p>\n\n\n<div class=\"kk-star-ratings kksr-auto kksr-align-left kksr-valign-bottom\"\n    data-payload='{&quot;align&quot;:&quot;left&quot;,&quot;id&quot;:&quot;207740&quot;,&quot;slug&quot;:&quot;default&quot;,&quot;valign&quot;:&quot;bottom&quot;,&quot;ignore&quot;:&quot;&quot;,&quot;reference&quot;:&quot;auto&quot;,&quot;class&quot;:&quot;&quot;,&quot;count&quot;:&quot;0&quot;,&quot;legendonly&quot;:&quot;&quot;,&quot;readonly&quot;:&quot;&quot;,&quot;score&quot;:&quot;0&quot;,&quot;starsonly&quot;:&quot;&quot;,&quot;best&quot;:&quot;5&quot;,&quot;gap&quot;:&quot;1&quot;,&quot;greet&quot;:&quot;&quot;,&quot;legend&quot;:&quot;0\\\/5 - (0 voto)&quot;,&quot;size&quot;:&quot;22&quot;,&quot;title&quot;:&quot;Justi\u00e7a energ\u00e9tica: comunidade Dique da Vila Alzira inaugura sistema de energia solar&quot;,&quot;width&quot;:&quot;0&quot;,&quot;_legend&quot;:&quot;{score}\\\/{best} - ({count} {votes})&quot;,&quot;font_factor&quot;:&quot;1.25&quot;}'>\n            \n<div class=\"kksr-stars\">\n    \n<div class=\"kksr-stars-inactive\">\n            <div class=\"kksr-star\" data-star=\"1\" style=\"padding-right: 1px\">\n            \n\n<div class=\"kksr-icon\" style=\"width: 22px; height: 22px;\"><\/div>\n        <\/div>\n            <div class=\"kksr-star\" data-star=\"2\" style=\"padding-right: 1px\">\n            \n\n<div class=\"kksr-icon\" style=\"width: 22px; height: 22px;\"><\/div>\n        <\/div>\n            <div class=\"kksr-star\" data-star=\"3\" style=\"padding-right: 1px\">\n            \n\n<div class=\"kksr-icon\" style=\"width: 22px; height: 22px;\"><\/div>\n        <\/div>\n            <div class=\"kksr-star\" data-star=\"4\" style=\"padding-right: 1px\">\n            \n\n<div class=\"kksr-icon\" style=\"width: 22px; height: 22px;\"><\/div>\n        <\/div>\n            <div class=\"kksr-star\" data-star=\"5\" style=\"padding-right: 1px\">\n            \n\n<div class=\"kksr-icon\" style=\"width: 22px; height: 22px;\"><\/div>\n        <\/div>\n    <\/div>\n    \n<div class=\"kksr-stars-active\" style=\"width: 0px;\">\n            <div class=\"kksr-star\" style=\"padding-right: 1px\">\n            \n\n<div class=\"kksr-icon\" style=\"width: 22px; height: 22px;\"><\/div>\n        <\/div>\n            <div class=\"kksr-star\" style=\"padding-right: 1px\">\n            \n\n<div class=\"kksr-icon\" style=\"width: 22px; height: 22px;\"><\/div>\n        <\/div>\n            <div class=\"kksr-star\" style=\"padding-right: 1px\">\n            \n\n<div class=\"kksr-icon\" style=\"width: 22px; height: 22px;\"><\/div>\n        <\/div>\n            <div class=\"kksr-star\" style=\"padding-right: 1px\">\n            \n\n<div class=\"kksr-icon\" style=\"width: 22px; height: 22px;\"><\/div>\n        <\/div>\n            <div class=\"kksr-star\" style=\"padding-right: 1px\">\n            \n\n<div class=\"kksr-icon\" style=\"width: 22px; height: 22px;\"><\/div>\n        <\/div>\n    <\/div>\n<\/div>\n                \n\n<div class=\"kksr-legend\" style=\"font-size: 17.6px;\">\n            <span class=\"kksr-muted\"><\/span>\n    <\/div>\n    <\/div>\n<div class='printomatic pom-default ' id='id2930'  data-print_target='article'><\/div>","protected":false},"excerpt":{"rendered":"<p>Sede da Associa\u00e7\u00e3o de Mulheres de Atitude e Compromisso Social (AMAC), integrada \u00e0 Rede Favela Sustent\u00e1vel, inaugura sistema solar de gera\u00e7\u00e3o de energia, buscando a realiza\u00e7\u00e3o do potencial das favelas como modelos de comunidades sustent\u00e1veis.<\/p>\n","protected":false},"author":149,"featured_media":207821,"comment_status":"open","ping_status":"open","sticky":false,"template":"","format":"standard","meta":{"_acf_changed":false,"footnotes":""},"categories":[2037],"tags":[],"class_list":["post-207740","post","type-post","status-publish","format-standard","has-post-thumbnail","hentry","category-news"],"acf":[],"yoast_head":"<!-- This site is optimized with the Yoast SEO plugin v23.9 - https:\/\/yoast.com\/wordpress\/plugins\/seo\/ -->\n<title>Justi\u00e7a energ\u00e9tica: comunidade Dique da Vila Alzira inaugura sistema de energia solar - Sunny. SMA Corporate Blog<\/title>\n<meta name=\"robots\" content=\"index, follow, max-snippet:-1, max-image-preview:large, max-video-preview:-1\" \/>\n<link rel=\"canonical\" href=\"https:\/\/www.sma-sunny.com\/pt-br\/justica-energetica-comunidade-dique-da-vila-alzira-inaugura-sistema-de-energia-solar\/\" \/>\n<meta property=\"og:locale\" content=\"pt_BR\" \/>\n<meta property=\"og:type\" content=\"article\" \/>\n<meta property=\"og:title\" content=\"Justi\u00e7a energ\u00e9tica: comunidade Dique da Vila Alzira inaugura sistema de energia solar - Sunny. SMA Corporate Blog\" \/>\n<meta property=\"og:description\" content=\"Sede da Associa\u00e7\u00e3o de Mulheres de Atitude e Compromisso Social (AMAC), integrada \u00e0 Rede Favela Sustent\u00e1vel, inaugura sistema solar de gera\u00e7\u00e3o de energia, buscando a realiza\u00e7\u00e3o do potencial das favelas como modelos de comunidades sustent\u00e1veis.\" \/>\n<meta property=\"og:url\" content=\"https:\/\/www.sma-sunny.com\/pt-br\/justica-energetica-comunidade-dique-da-vila-alzira-inaugura-sistema-de-energia-solar\/\" \/>\n<meta property=\"og:site_name\" content=\"Sunny. SMA Corporate Blog\" \/>\n<meta property=\"article:publisher\" content=\"https:\/\/facebook.com\/SMASolarTechnology\" \/>\n<meta property=\"article:published_time\" content=\"2023-09-29T14:09:56+00:00\" \/>\n<meta property=\"og:image\" content=\"https:\/\/www.sma-sunny.com\/wp-content\/uploads\/2023\/09\/Doacao_AMAC_foto1-1.jpg\" \/>\n\t<meta property=\"og:image:width\" content=\"1920\" \/>\n\t<meta property=\"og:image:height\" content=\"1080\" \/>\n\t<meta property=\"og:image:type\" content=\"image\/jpeg\" \/>\n<meta name=\"author\" content=\"SMA Brasil\" \/>\n<meta name=\"twitter:card\" content=\"summary_large_image\" \/>\n<meta name=\"twitter:creator\" content=\"@SMAsolar\" \/>\n<meta name=\"twitter:site\" content=\"@SMAsolar\" \/>\n<meta name=\"twitter:label1\" content=\"Escrito por\" \/>\n\t<meta name=\"twitter:data1\" content=\"SMA Brasil\" \/>\n\t<meta name=\"twitter:label2\" content=\"Est. tempo de leitura\" \/>\n\t<meta name=\"twitter:data2\" content=\"5 minutos\" \/>\n<script type=\"application\/ld+json\" class=\"yoast-schema-graph\">{\"@context\":\"https:\/\/schema.org\",\"@graph\":[{\"@type\":\"WebPage\",\"@id\":\"https:\/\/www.sma-sunny.com\/pt-br\/justica-energetica-comunidade-dique-da-vila-alzira-inaugura-sistema-de-energia-solar\/\",\"url\":\"https:\/\/www.sma-sunny.com\/pt-br\/justica-energetica-comunidade-dique-da-vila-alzira-inaugura-sistema-de-energia-solar\/\",\"name\":\"Justi\u00e7a energ\u00e9tica: comunidade Dique da Vila Alzira inaugura sistema de energia solar - Sunny. SMA Corporate Blog\",\"isPartOf\":{\"@id\":\"https:\/\/www.sma-sunny.com\/pt-br\/#website\"},\"primaryImageOfPage\":{\"@id\":\"https:\/\/www.sma-sunny.com\/pt-br\/justica-energetica-comunidade-dique-da-vila-alzira-inaugura-sistema-de-energia-solar\/#primaryimage\"},\"image\":{\"@id\":\"https:\/\/www.sma-sunny.com\/pt-br\/justica-energetica-comunidade-dique-da-vila-alzira-inaugura-sistema-de-energia-solar\/#primaryimage\"},\"thumbnailUrl\":\"https:\/\/www.sma-sunny.com\/wp-content\/uploads\/2023\/09\/Doacao_AMAC_foto1-1.jpg\",\"datePublished\":\"2023-09-29T14:09:56+00:00\",\"dateModified\":\"2023-09-29T14:09:56+00:00\",\"author\":{\"@id\":\"https:\/\/www.sma-sunny.com\/pt-br\/#\/schema\/person\/a80643835dff94a1f44053cb2034786a\"},\"breadcrumb\":{\"@id\":\"https:\/\/www.sma-sunny.com\/pt-br\/justica-energetica-comunidade-dique-da-vila-alzira-inaugura-sistema-de-energia-solar\/#breadcrumb\"},\"inLanguage\":\"pt-BR\",\"potentialAction\":[{\"@type\":\"ReadAction\",\"target\":[\"https:\/\/www.sma-sunny.com\/pt-br\/justica-energetica-comunidade-dique-da-vila-alzira-inaugura-sistema-de-energia-solar\/\"]}]},{\"@type\":\"ImageObject\",\"inLanguage\":\"pt-BR\",\"@id\":\"https:\/\/www.sma-sunny.com\/pt-br\/justica-energetica-comunidade-dique-da-vila-alzira-inaugura-sistema-de-energia-solar\/#primaryimage\",\"url\":\"https:\/\/www.sma-sunny.com\/wp-content\/uploads\/2023\/09\/Doacao_AMAC_foto1-1.jpg\",\"contentUrl\":\"https:\/\/www.sma-sunny.com\/wp-content\/uploads\/2023\/09\/Doacao_AMAC_foto1-1.jpg\",\"width\":1920,\"height\":1080,\"caption\":\"Justi\u00e7a energ\u00e9tica: comunidade Dique da Vila Alzira inaugura sistema de energia solar\"},{\"@type\":\"BreadcrumbList\",\"@id\":\"https:\/\/www.sma-sunny.com\/pt-br\/justica-energetica-comunidade-dique-da-vila-alzira-inaugura-sistema-de-energia-solar\/#breadcrumb\",\"itemListElement\":[{\"@type\":\"ListItem\",\"position\":1,\"name\":\"Startseite\",\"item\":\"https:\/\/www.sma-sunny.com\/pt-br\/\"},{\"@type\":\"ListItem\",\"position\":2,\"name\":\"Justi\u00e7a energ\u00e9tica: comunidade Dique da Vila Alzira inaugura sistema de energia solar\"}]},{\"@type\":\"WebSite\",\"@id\":\"https:\/\/www.sma-sunny.com\/pt-br\/#website\",\"url\":\"https:\/\/www.sma-sunny.com\/pt-br\/\",\"name\":\"Sunny. SMA Corporate Blog\",\"description\":\"\",\"potentialAction\":[{\"@type\":\"SearchAction\",\"target\":{\"@type\":\"EntryPoint\",\"urlTemplate\":\"https:\/\/www.sma-sunny.com\/pt-br\/?s={search_term_string}\"},\"query-input\":{\"@type\":\"PropertyValueSpecification\",\"valueRequired\":true,\"valueName\":\"search_term_string\"}}],\"inLanguage\":\"pt-BR\"},{\"@type\":\"Person\",\"@id\":\"https:\/\/www.sma-sunny.com\/pt-br\/#\/schema\/person\/a80643835dff94a1f44053cb2034786a\",\"name\":\"SMA Brasil\",\"image\":{\"@type\":\"ImageObject\",\"inLanguage\":\"pt-BR\",\"@id\":\"https:\/\/www.sma-sunny.com\/pt-br\/#\/schema\/person\/image\/\",\"url\":\"https:\/\/secure.gravatar.com\/avatar\/1b32f8148a83599f750fdcb79ce9e98204279e983e284b367d7d561a6b3456d6?s=96&d=mm&r=g\",\"contentUrl\":\"https:\/\/secure.gravatar.com\/avatar\/1b32f8148a83599f750fdcb79ce9e98204279e983e284b367d7d561a6b3456d6?s=96&d=mm&r=g\",\"caption\":\"SMA Brasil\"},\"url\":\"https:\/\/www.sma-sunny.com\/pt-br\/author\/sma-brasil\/\"}]}<\/script>\n<!-- \/ Yoast SEO plugin. -->","yoast_head_json":{"title":"Justi\u00e7a energ\u00e9tica: comunidade Dique da Vila Alzira inaugura sistema de energia solar - Sunny. SMA Corporate Blog","robots":{"index":"index","follow":"follow","max-snippet":"max-snippet:-1","max-image-preview":"max-image-preview:large","max-video-preview":"max-video-preview:-1"},"canonical":"https:\/\/www.sma-sunny.com\/pt-br\/justica-energetica-comunidade-dique-da-vila-alzira-inaugura-sistema-de-energia-solar\/","og_locale":"pt_BR","og_type":"article","og_title":"Justi\u00e7a energ\u00e9tica: comunidade Dique da Vila Alzira inaugura sistema de energia solar - Sunny. SMA Corporate Blog","og_description":"Sede da Associa\u00e7\u00e3o de Mulheres de Atitude e Compromisso Social (AMAC), integrada \u00e0 Rede Favela Sustent\u00e1vel, inaugura sistema solar de gera\u00e7\u00e3o de energia, buscando a realiza\u00e7\u00e3o do potencial das favelas como modelos de comunidades sustent\u00e1veis.","og_url":"https:\/\/www.sma-sunny.com\/pt-br\/justica-energetica-comunidade-dique-da-vila-alzira-inaugura-sistema-de-energia-solar\/","og_site_name":"Sunny. SMA Corporate Blog","article_publisher":"https:\/\/facebook.com\/SMASolarTechnology","article_published_time":"2023-09-29T14:09:56+00:00","og_image":[{"width":1920,"height":1080,"url":"https:\/\/www.sma-sunny.com\/wp-content\/uploads\/2023\/09\/Doacao_AMAC_foto1-1.jpg","type":"image\/jpeg"}],"author":"SMA Brasil","twitter_card":"summary_large_image","twitter_creator":"@SMAsolar","twitter_site":"@SMAsolar","twitter_misc":{"Escrito por":"SMA Brasil","Est. tempo de leitura":"5 minutos"},"schema":{"@context":"https:\/\/schema.org","@graph":[{"@type":"WebPage","@id":"https:\/\/www.sma-sunny.com\/pt-br\/justica-energetica-comunidade-dique-da-vila-alzira-inaugura-sistema-de-energia-solar\/","url":"https:\/\/www.sma-sunny.com\/pt-br\/justica-energetica-comunidade-dique-da-vila-alzira-inaugura-sistema-de-energia-solar\/","name":"Justi\u00e7a energ\u00e9tica: comunidade Dique da Vila Alzira inaugura sistema de energia solar - Sunny. SMA Corporate Blog","isPartOf":{"@id":"https:\/\/www.sma-sunny.com\/pt-br\/#website"},"primaryImageOfPage":{"@id":"https:\/\/www.sma-sunny.com\/pt-br\/justica-energetica-comunidade-dique-da-vila-alzira-inaugura-sistema-de-energia-solar\/#primaryimage"},"image":{"@id":"https:\/\/www.sma-sunny.com\/pt-br\/justica-energetica-comunidade-dique-da-vila-alzira-inaugura-sistema-de-energia-solar\/#primaryimage"},"thumbnailUrl":"https:\/\/www.sma-sunny.com\/wp-content\/uploads\/2023\/09\/Doacao_AMAC_foto1-1.jpg","datePublished":"2023-09-29T14:09:56+00:00","dateModified":"2023-09-29T14:09:56+00:00","author":{"@id":"https:\/\/www.sma-sunny.com\/pt-br\/#\/schema\/person\/a80643835dff94a1f44053cb2034786a"},"breadcrumb":{"@id":"https:\/\/www.sma-sunny.com\/pt-br\/justica-energetica-comunidade-dique-da-vila-alzira-inaugura-sistema-de-energia-solar\/#breadcrumb"},"inLanguage":"pt-BR","potentialAction":[{"@type":"ReadAction","target":["https:\/\/www.sma-sunny.com\/pt-br\/justica-energetica-comunidade-dique-da-vila-alzira-inaugura-sistema-de-energia-solar\/"]}]},{"@type":"ImageObject","inLanguage":"pt-BR","@id":"https:\/\/www.sma-sunny.com\/pt-br\/justica-energetica-comunidade-dique-da-vila-alzira-inaugura-sistema-de-energia-solar\/#primaryimage","url":"https:\/\/www.sma-sunny.com\/wp-content\/uploads\/2023\/09\/Doacao_AMAC_foto1-1.jpg","contentUrl":"https:\/\/www.sma-sunny.com\/wp-content\/uploads\/2023\/09\/Doacao_AMAC_foto1-1.jpg","width":1920,"height":1080,"caption":"Justi\u00e7a energ\u00e9tica: comunidade Dique da Vila Alzira inaugura sistema de energia solar"},{"@type":"BreadcrumbList","@id":"https:\/\/www.sma-sunny.com\/pt-br\/justica-energetica-comunidade-dique-da-vila-alzira-inaugura-sistema-de-energia-solar\/#breadcrumb","itemListElement":[{"@type":"ListItem","position":1,"name":"Startseite","item":"https:\/\/www.sma-sunny.com\/pt-br\/"},{"@type":"ListItem","position":2,"name":"Justi\u00e7a energ\u00e9tica: comunidade Dique da Vila Alzira inaugura sistema de energia solar"}]},{"@type":"WebSite","@id":"https:\/\/www.sma-sunny.com\/pt-br\/#website","url":"https:\/\/www.sma-sunny.com\/pt-br\/","name":"Sunny. SMA Corporate Blog","description":"","potentialAction":[{"@type":"SearchAction","target":{"@type":"EntryPoint","urlTemplate":"https:\/\/www.sma-sunny.com\/pt-br\/?s={search_term_string}"},"query-input":{"@type":"PropertyValueSpecification","valueRequired":true,"valueName":"search_term_string"}}],"inLanguage":"pt-BR"},{"@type":"Person","@id":"https:\/\/www.sma-sunny.com\/pt-br\/#\/schema\/person\/a80643835dff94a1f44053cb2034786a","name":"SMA Brasil","image":{"@type":"ImageObject","inLanguage":"pt-BR","@id":"https:\/\/www.sma-sunny.com\/pt-br\/#\/schema\/person\/image\/","url":"https:\/\/secure.gravatar.com\/avatar\/1b32f8148a83599f750fdcb79ce9e98204279e983e284b367d7d561a6b3456d6?s=96&d=mm&r=g","contentUrl":"https:\/\/secure.gravatar.com\/avatar\/1b32f8148a83599f750fdcb79ce9e98204279e983e284b367d7d561a6b3456d6?s=96&d=mm&r=g","caption":"SMA Brasil"},"url":"https:\/\/www.sma-sunny.com\/pt-br\/author\/sma-brasil\/"}]}},"_links":{"self":[{"href":"https:\/\/www.sma-sunny.com\/pt-br\/wp-json\/wp\/v2\/posts\/207740","targetHints":{"allow":["GET"]}}],"collection":[{"href":"https:\/\/www.sma-sunny.com\/pt-br\/wp-json\/wp\/v2\/posts"}],"about":[{"href":"https:\/\/www.sma-sunny.com\/pt-br\/wp-json\/wp\/v2\/types\/post"}],"author":[{"embeddable":true,"href":"https:\/\/www.sma-sunny.com\/pt-br\/wp-json\/wp\/v2\/users\/149"}],"replies":[{"embeddable":true,"href":"https:\/\/www.sma-sunny.com\/pt-br\/wp-json\/wp\/v2\/comments?post=207740"}],"version-history":[{"count":0,"href":"https:\/\/www.sma-sunny.com\/pt-br\/wp-json\/wp\/v2\/posts\/207740\/revisions"}],"wp:featuredmedia":[{"embeddable":true,"href":"https:\/\/www.sma-sunny.com\/pt-br\/wp-json\/wp\/v2\/media\/207821"}],"wp:attachment":[{"href":"https:\/\/www.sma-sunny.com\/pt-br\/wp-json\/wp\/v2\/media?parent=207740"}],"wp:term":[{"taxonomy":"category","embeddable":true,"href":"https:\/\/www.sma-sunny.com\/pt-br\/wp-json\/wp\/v2\/categories?post=207740"},{"taxonomy":"post_tag","embeddable":true,"href":"https:\/\/www.sma-sunny.com\/pt-br\/wp-json\/wp\/v2\/tags?post=207740"}],"curies":[{"name":"wp","href":"https:\/\/api.w.org\/{rel}","templated":true}]}}