{"id":202094,"date":"2023-02-21T19:39:06","date_gmt":"2023-02-21T18:39:06","guid":{"rendered":"https:\/\/www.sma-sunny.com\/?p=202094"},"modified":"2023-03-20T11:40:58","modified_gmt":"2023-03-20T10:40:58","slug":"sma-italia-porta-i-suoi-prodotti-e-le-sue-novita-alla-fiera-k-ey-di-rimini","status":"publish","type":"post","link":"https:\/\/www.sma-sunny.com\/it\/sma-italia-porta-i-suoi-prodotti-e-le-sue-novita-alla-fiera-k-ey-di-rimini\/","title":{"rendered":"SMA Italia porta i suoi prodotti e le sue novit\u00e0 alla fiera K.EY di Rimini"},"content":{"rendered":"<p><strong>SMA Italia<\/strong> parteciper\u00e0 a K.EY, il pi\u00f9 importante evento dedicato a tecnologie, servizi e soluzioni integrate per la transizione energetica che si svolger\u00e0 dal 22 al 24 di marzo nella citt\u00e0 di Rimini. Con uno stand di circa 100 mq presso il padiglione SEC D1, numero 87, l\u2019azienda esporr\u00e0 diverse soluzioni rivolte sia al segmento residenziale sia a quello commerciale. Ad esempio, per questo specifico mercato, SMA esporr\u00e0 una nuova soluzione storage.<\/p>\n<p><a href=\"https:\/\/www.keyenergy.it\/\" target=\"_blank\" rel=\"noopener\">Scopri di pi\u00f9<\/a><\/p>\n<p>&nbsp;<\/p>\n\n\n<div class=\"kk-star-ratings kksr-auto kksr-align-left kksr-valign-bottom\"\n    data-payload='{&quot;align&quot;:&quot;left&quot;,&quot;id&quot;:&quot;202094&quot;,&quot;slug&quot;:&quot;default&quot;,&quot;valign&quot;:&quot;bottom&quot;,&quot;ignore&quot;:&quot;&quot;,&quot;reference&quot;:&quot;auto&quot;,&quot;class&quot;:&quot;&quot;,&quot;count&quot;:&quot;1&quot;,&quot;legendonly&quot;:&quot;&quot;,&quot;readonly&quot;:&quot;&quot;,&quot;score&quot;:&quot;1&quot;,&quot;starsonly&quot;:&quot;&quot;,&quot;best&quot;:&quot;5&quot;,&quot;gap&quot;:&quot;1&quot;,&quot;greet&quot;:&quot;&quot;,&quot;legend&quot;:&quot;1\\\/5 - (1 vote)&quot;,&quot;size&quot;:&quot;22&quot;,&quot;title&quot;:&quot;SMA Italia porta i suoi prodotti e le sue novit\u00e0 alla fiera K.EY di Rimini&quot;,&quot;width&quot;:&quot;22.5&quot;,&quot;_legend&quot;:&quot;{score}\\\/{best} - ({count} {votes})&quot;,&quot;font_factor&quot;:&quot;1.25&quot;}'>\n            \n<div class=\"kksr-stars\">\n    \n<div class=\"kksr-stars-inactive\">\n            <div class=\"kksr-star\" data-star=\"1\" style=\"padding-right: 1px\">\n            \n\n<div class=\"kksr-icon\" style=\"width: 22px; height: 22px;\"><\/div>\n        <\/div>\n            <div class=\"kksr-star\" data-star=\"2\" style=\"padding-right: 1px\">\n            \n\n<div class=\"kksr-icon\" style=\"width: 22px; height: 22px;\"><\/div>\n        <\/div>\n            <div class=\"kksr-star\" data-star=\"3\" style=\"padding-right: 1px\">\n            \n\n<div class=\"kksr-icon\" style=\"width: 22px; height: 22px;\"><\/div>\n        <\/div>\n            <div class=\"kksr-star\" data-star=\"4\" style=\"padding-right: 1px\">\n            \n\n<div class=\"kksr-icon\" style=\"width: 22px; height: 22px;\"><\/div>\n        <\/div>\n            <div class=\"kksr-star\" data-star=\"5\" style=\"padding-right: 1px\">\n            \n\n<div class=\"kksr-icon\" style=\"width: 22px; height: 22px;\"><\/div>\n        <\/div>\n    <\/div>\n    \n<div class=\"kksr-stars-active\" style=\"width: 22.5px;\">\n            <div class=\"kksr-star\" style=\"padding-right: 1px\">\n            \n\n<div class=\"kksr-icon\" style=\"width: 22px; height: 22px;\"><\/div>\n        <\/div>\n            <div class=\"kksr-star\" style=\"padding-right: 1px\">\n            \n\n<div class=\"kksr-icon\" style=\"width: 22px; height: 22px;\"><\/div>\n        <\/div>\n            <div class=\"kksr-star\" style=\"padding-right: 1px\">\n            \n\n<div class=\"kksr-icon\" style=\"width: 22px; height: 22px;\"><\/div>\n        <\/div>\n            <div class=\"kksr-star\" style=\"padding-right: 1px\">\n            \n\n<div class=\"kksr-icon\" style=\"width: 22px; height: 22px;\"><\/div>\n        <\/div>\n            <div class=\"kksr-star\" style=\"padding-right: 1px\">\n            \n\n<div class=\"kksr-icon\" style=\"width: 22px; height: 22px;\"><\/div>\n        <\/div>\n    <\/div>\n<\/div>\n                \n\n<div class=\"kksr-legend\" style=\"font-size: 17.6px;\">\n            1\/5 - (1 vote)    <\/div>\n    <\/div>\n<div class='printomatic pom-default ' id='id1465'  data-print_target='article'><\/div>","protected":false},"excerpt":{"rendered":"<p>SMA Italia parteciper\u00e0 a K.EY, il pi\u00f9 importante evento dedicato a tecnologie, servizi e soluzioni integrate per la transizione energetica&#8230;<\/p>\n","protected":false},"author":124,"featured_media":202537,"comment_status":"open","ping_status":"open","sticky":false,"template":"","format":"standard","meta":{"_acf_changed":false,"footnotes":""},"categories":[47],"tags":[],"class_list":["post-202094","post","type-post","status-publish","format-standard","has-post-thumbnail","hentry","category-news"],"acf":[],"yoast_head":"<!-- This site is optimized with the Yoast SEO plugin v23.9 - https:\/\/yoast.com\/wordpress\/plugins\/seo\/ -->\n<title>SMA Italia porta i suoi prodotti e le sue novit\u00e0 alla fiera K.EY di Rimini - Sunny. SMA Corporate Blog<\/title>\n<meta name=\"robots\" content=\"index, follow, max-snippet:-1, max-image-preview:large, max-video-preview:-1\" \/>\n<link rel=\"canonical\" href=\"https:\/\/www.sma-sunny.com\/it\/sma-italia-porta-i-suoi-prodotti-e-le-sue-novita-alla-fiera-k-ey-di-rimini\/\" \/>\n<meta property=\"og:locale\" content=\"it_IT\" \/>\n<meta property=\"og:type\" content=\"article\" \/>\n<meta property=\"og:title\" content=\"SMA Italia porta i suoi prodotti e le sue novit\u00e0 alla fiera K.EY di Rimini - Sunny. SMA Corporate Blog\" \/>\n<meta property=\"og:description\" content=\"SMA Italia parteciper\u00e0 a K.EY, il pi\u00f9 importante evento dedicato a tecnologie, servizi e soluzioni integrate per la transizione energetica...\" \/>\n<meta property=\"og:url\" content=\"https:\/\/www.sma-sunny.com\/it\/sma-italia-porta-i-suoi-prodotti-e-le-sue-novita-alla-fiera-k-ey-di-rimini\/\" \/>\n<meta property=\"og:site_name\" content=\"Sunny. SMA Corporate Blog\" \/>\n<meta property=\"article:publisher\" content=\"https:\/\/facebook.com\/SMASolarTechnology\" \/>\n<meta property=\"article:published_time\" content=\"2023-02-21T18:39:06+00:00\" \/>\n<meta property=\"article:modified_time\" content=\"2023-03-20T10:40:58+00:00\" \/>\n<meta property=\"og:image\" content=\"https:\/\/www.sma-sunny.com\/wp-content\/uploads\/2023\/02\/COPERTINA_BLOG_1440x676px.jpg\" \/>\n\t<meta property=\"og:image:width\" content=\"1440\" \/>\n\t<meta property=\"og:image:height\" content=\"676\" \/>\n\t<meta property=\"og:image:type\" content=\"image\/jpeg\" \/>\n<meta name=\"author\" content=\"Chiara Marchese\" \/>\n<meta name=\"twitter:card\" content=\"summary_large_image\" \/>\n<meta name=\"twitter:creator\" content=\"@SMAsolar\" \/>\n<meta name=\"twitter:site\" content=\"@SMAsolar\" \/>\n<meta name=\"twitter:label1\" content=\"Scritto da\" \/>\n\t<meta name=\"twitter:data1\" content=\"Chiara Marchese\" \/>\n\t<meta name=\"twitter:label2\" content=\"Tempo di lettura stimato\" \/>\n\t<meta name=\"twitter:data2\" content=\"1 minuto\" \/>\n<script type=\"application\/ld+json\" class=\"yoast-schema-graph\">{\"@context\":\"https:\/\/schema.org\",\"@graph\":[{\"@type\":\"WebPage\",\"@id\":\"https:\/\/www.sma-sunny.com\/it\/sma-italia-porta-i-suoi-prodotti-e-le-sue-novita-alla-fiera-k-ey-di-rimini\/\",\"url\":\"https:\/\/www.sma-sunny.com\/it\/sma-italia-porta-i-suoi-prodotti-e-le-sue-novita-alla-fiera-k-ey-di-rimini\/\",\"name\":\"SMA Italia porta i suoi prodotti e le sue novit\u00e0 alla fiera K.EY di Rimini - Sunny. SMA Corporate Blog\",\"isPartOf\":{\"@id\":\"https:\/\/www.sma-sunny.com\/it\/#website\"},\"primaryImageOfPage\":{\"@id\":\"https:\/\/www.sma-sunny.com\/it\/sma-italia-porta-i-suoi-prodotti-e-le-sue-novita-alla-fiera-k-ey-di-rimini\/#primaryimage\"},\"image\":{\"@id\":\"https:\/\/www.sma-sunny.com\/it\/sma-italia-porta-i-suoi-prodotti-e-le-sue-novita-alla-fiera-k-ey-di-rimini\/#primaryimage\"},\"thumbnailUrl\":\"https:\/\/www.sma-sunny.com\/wp-content\/uploads\/2023\/02\/COPERTINA_BLOG_1440x676px.jpg\",\"datePublished\":\"2023-02-21T18:39:06+00:00\",\"dateModified\":\"2023-03-20T10:40:58+00:00\",\"author\":{\"@id\":\"https:\/\/www.sma-sunny.com\/it\/#\/schema\/person\/006b507a9463f90d558a59da9176e9e4\"},\"breadcrumb\":{\"@id\":\"https:\/\/www.sma-sunny.com\/it\/sma-italia-porta-i-suoi-prodotti-e-le-sue-novita-alla-fiera-k-ey-di-rimini\/#breadcrumb\"},\"inLanguage\":\"it-IT\",\"potentialAction\":[{\"@type\":\"ReadAction\",\"target\":[\"https:\/\/www.sma-sunny.com\/it\/sma-italia-porta-i-suoi-prodotti-e-le-sue-novita-alla-fiera-k-ey-di-rimini\/\"]}]},{\"@type\":\"ImageObject\",\"inLanguage\":\"it-IT\",\"@id\":\"https:\/\/www.sma-sunny.com\/it\/sma-italia-porta-i-suoi-prodotti-e-le-sue-novita-alla-fiera-k-ey-di-rimini\/#primaryimage\",\"url\":\"https:\/\/www.sma-sunny.com\/wp-content\/uploads\/2023\/02\/COPERTINA_BLOG_1440x676px.jpg\",\"contentUrl\":\"https:\/\/www.sma-sunny.com\/wp-content\/uploads\/2023\/02\/COPERTINA_BLOG_1440x676px.jpg\",\"width\":1440,\"height\":676},{\"@type\":\"BreadcrumbList\",\"@id\":\"https:\/\/www.sma-sunny.com\/it\/sma-italia-porta-i-suoi-prodotti-e-le-sue-novita-alla-fiera-k-ey-di-rimini\/#breadcrumb\",\"itemListElement\":[{\"@type\":\"ListItem\",\"position\":1,\"name\":\"Startseite\",\"item\":\"https:\/\/www.sma-sunny.com\/it\/\"},{\"@type\":\"ListItem\",\"position\":2,\"name\":\"SMA Italia porta i suoi prodotti e le sue novit\u00e0 alla fiera K.EY di Rimini\"}]},{\"@type\":\"WebSite\",\"@id\":\"https:\/\/www.sma-sunny.com\/it\/#website\",\"url\":\"https:\/\/www.sma-sunny.com\/it\/\",\"name\":\"Sunny. SMA Corporate Blog\",\"description\":\"\",\"potentialAction\":[{\"@type\":\"SearchAction\",\"target\":{\"@type\":\"EntryPoint\",\"urlTemplate\":\"https:\/\/www.sma-sunny.com\/it\/?s={search_term_string}\"},\"query-input\":{\"@type\":\"PropertyValueSpecification\",\"valueRequired\":true,\"valueName\":\"search_term_string\"}}],\"inLanguage\":\"it-IT\"},{\"@type\":\"Person\",\"@id\":\"https:\/\/www.sma-sunny.com\/it\/#\/schema\/person\/006b507a9463f90d558a59da9176e9e4\",\"name\":\"Chiara Marchese\",\"image\":{\"@type\":\"ImageObject\",\"inLanguage\":\"it-IT\",\"@id\":\"https:\/\/www.sma-sunny.com\/it\/#\/schema\/person\/image\/\",\"url\":\"https:\/\/www.sma-sunny.com\/wp-content\/uploads\/2022\/08\/Chiara-120x120.jpg\",\"contentUrl\":\"https:\/\/www.sma-sunny.com\/wp-content\/uploads\/2022\/08\/Chiara-120x120.jpg\",\"caption\":\"Chiara Marchese\"},\"description\":\"Marketing and Communication Manager SMA Italia\",\"url\":\"https:\/\/www.sma-sunny.com\/it\/author\/chiara-marchese\/\"}]}<\/script>\n<!-- \/ Yoast SEO plugin. -->","yoast_head_json":{"title":"SMA Italia porta i suoi prodotti e le sue novit\u00e0 alla fiera K.EY di Rimini - Sunny. SMA Corporate Blog","robots":{"index":"index","follow":"follow","max-snippet":"max-snippet:-1","max-image-preview":"max-image-preview:large","max-video-preview":"max-video-preview:-1"},"canonical":"https:\/\/www.sma-sunny.com\/it\/sma-italia-porta-i-suoi-prodotti-e-le-sue-novita-alla-fiera-k-ey-di-rimini\/","og_locale":"it_IT","og_type":"article","og_title":"SMA Italia porta i suoi prodotti e le sue novit\u00e0 alla fiera K.EY di Rimini - Sunny. SMA Corporate Blog","og_description":"SMA Italia parteciper\u00e0 a K.EY, il pi\u00f9 importante evento dedicato a tecnologie, servizi e soluzioni integrate per la transizione energetica...","og_url":"https:\/\/www.sma-sunny.com\/it\/sma-italia-porta-i-suoi-prodotti-e-le-sue-novita-alla-fiera-k-ey-di-rimini\/","og_site_name":"Sunny. SMA Corporate Blog","article_publisher":"https:\/\/facebook.com\/SMASolarTechnology","article_published_time":"2023-02-21T18:39:06+00:00","article_modified_time":"2023-03-20T10:40:58+00:00","og_image":[{"width":1440,"height":676,"url":"https:\/\/www.sma-sunny.com\/wp-content\/uploads\/2023\/02\/COPERTINA_BLOG_1440x676px.jpg","type":"image\/jpeg"}],"author":"Chiara Marchese","twitter_card":"summary_large_image","twitter_creator":"@SMAsolar","twitter_site":"@SMAsolar","twitter_misc":{"Scritto da":"Chiara Marchese","Tempo di lettura stimato":"1 minuto"},"schema":{"@context":"https:\/\/schema.org","@graph":[{"@type":"WebPage","@id":"https:\/\/www.sma-sunny.com\/it\/sma-italia-porta-i-suoi-prodotti-e-le-sue-novita-alla-fiera-k-ey-di-rimini\/","url":"https:\/\/www.sma-sunny.com\/it\/sma-italia-porta-i-suoi-prodotti-e-le-sue-novita-alla-fiera-k-ey-di-rimini\/","name":"SMA Italia porta i suoi prodotti e le sue novit\u00e0 alla fiera K.EY di Rimini - Sunny. SMA Corporate Blog","isPartOf":{"@id":"https:\/\/www.sma-sunny.com\/it\/#website"},"primaryImageOfPage":{"@id":"https:\/\/www.sma-sunny.com\/it\/sma-italia-porta-i-suoi-prodotti-e-le-sue-novita-alla-fiera-k-ey-di-rimini\/#primaryimage"},"image":{"@id":"https:\/\/www.sma-sunny.com\/it\/sma-italia-porta-i-suoi-prodotti-e-le-sue-novita-alla-fiera-k-ey-di-rimini\/#primaryimage"},"thumbnailUrl":"https:\/\/www.sma-sunny.com\/wp-content\/uploads\/2023\/02\/COPERTINA_BLOG_1440x676px.jpg","datePublished":"2023-02-21T18:39:06+00:00","dateModified":"2023-03-20T10:40:58+00:00","author":{"@id":"https:\/\/www.sma-sunny.com\/it\/#\/schema\/person\/006b507a9463f90d558a59da9176e9e4"},"breadcrumb":{"@id":"https:\/\/www.sma-sunny.com\/it\/sma-italia-porta-i-suoi-prodotti-e-le-sue-novita-alla-fiera-k-ey-di-rimini\/#breadcrumb"},"inLanguage":"it-IT","potentialAction":[{"@type":"ReadAction","target":["https:\/\/www.sma-sunny.com\/it\/sma-italia-porta-i-suoi-prodotti-e-le-sue-novita-alla-fiera-k-ey-di-rimini\/"]}]},{"@type":"ImageObject","inLanguage":"it-IT","@id":"https:\/\/www.sma-sunny.com\/it\/sma-italia-porta-i-suoi-prodotti-e-le-sue-novita-alla-fiera-k-ey-di-rimini\/#primaryimage","url":"https:\/\/www.sma-sunny.com\/wp-content\/uploads\/2023\/02\/COPERTINA_BLOG_1440x676px.jpg","contentUrl":"https:\/\/www.sma-sunny.com\/wp-content\/uploads\/2023\/02\/COPERTINA_BLOG_1440x676px.jpg","width":1440,"height":676},{"@type":"BreadcrumbList","@id":"https:\/\/www.sma-sunny.com\/it\/sma-italia-porta-i-suoi-prodotti-e-le-sue-novita-alla-fiera-k-ey-di-rimini\/#breadcrumb","itemListElement":[{"@type":"ListItem","position":1,"name":"Startseite","item":"https:\/\/www.sma-sunny.com\/it\/"},{"@type":"ListItem","position":2,"name":"SMA Italia porta i suoi prodotti e le sue novit\u00e0 alla fiera K.EY di Rimini"}]},{"@type":"WebSite","@id":"https:\/\/www.sma-sunny.com\/it\/#website","url":"https:\/\/www.sma-sunny.com\/it\/","name":"Sunny. SMA Corporate Blog","description":"","potentialAction":[{"@type":"SearchAction","target":{"@type":"EntryPoint","urlTemplate":"https:\/\/www.sma-sunny.com\/it\/?s={search_term_string}"},"query-input":{"@type":"PropertyValueSpecification","valueRequired":true,"valueName":"search_term_string"}}],"inLanguage":"it-IT"},{"@type":"Person","@id":"https:\/\/www.sma-sunny.com\/it\/#\/schema\/person\/006b507a9463f90d558a59da9176e9e4","name":"Chiara Marchese","image":{"@type":"ImageObject","inLanguage":"it-IT","@id":"https:\/\/www.sma-sunny.com\/it\/#\/schema\/person\/image\/","url":"https:\/\/www.sma-sunny.com\/wp-content\/uploads\/2022\/08\/Chiara-120x120.jpg","contentUrl":"https:\/\/www.sma-sunny.com\/wp-content\/uploads\/2022\/08\/Chiara-120x120.jpg","caption":"Chiara Marchese"},"description":"Marketing and Communication Manager SMA Italia","url":"https:\/\/www.sma-sunny.com\/it\/author\/chiara-marchese\/"}]}},"_links":{"self":[{"href":"https:\/\/www.sma-sunny.com\/it\/wp-json\/wp\/v2\/posts\/202094","targetHints":{"allow":["GET"]}}],"collection":[{"href":"https:\/\/www.sma-sunny.com\/it\/wp-json\/wp\/v2\/posts"}],"about":[{"href":"https:\/\/www.sma-sunny.com\/it\/wp-json\/wp\/v2\/types\/post"}],"author":[{"embeddable":true,"href":"https:\/\/www.sma-sunny.com\/it\/wp-json\/wp\/v2\/users\/124"}],"replies":[{"embeddable":true,"href":"https:\/\/www.sma-sunny.com\/it\/wp-json\/wp\/v2\/comments?post=202094"}],"version-history":[{"count":0,"href":"https:\/\/www.sma-sunny.com\/it\/wp-json\/wp\/v2\/posts\/202094\/revisions"}],"wp:featuredmedia":[{"embeddable":true,"href":"https:\/\/www.sma-sunny.com\/it\/wp-json\/wp\/v2\/media\/202537"}],"wp:attachment":[{"href":"https:\/\/www.sma-sunny.com\/it\/wp-json\/wp\/v2\/media?parent=202094"}],"wp:term":[{"taxonomy":"category","embeddable":true,"href":"https:\/\/www.sma-sunny.com\/it\/wp-json\/wp\/v2\/categories?post=202094"},{"taxonomy":"post_tag","embeddable":true,"href":"https:\/\/www.sma-sunny.com\/it\/wp-json\/wp\/v2\/tags?post=202094"}],"curies":[{"name":"wp","href":"https:\/\/api.w.org\/{rel}","templated":true}]}}