{"id":51614,"date":"2018-03-08T07:00:00","date_gmt":"2018-03-08T06:00:00","guid":{"rendered":"http:\/\/www.sma-sunny.com\/?p=51614"},"modified":"2018-03-07T09:33:05","modified_gmt":"2018-03-07T08:33:05","slug":"mon-conseil-aux-femmes-foncez","status":"publish","type":"post","link":"https:\/\/www.sma-sunny.com\/fr\/mon-conseil-aux-femmes-foncez\/","title":{"rendered":"Mon conseil aux femmes : foncez !"},"content":{"rendered":"<p><strong>Journ\u00e9e internationale des droits des femmes\u00a0: interview de Dominique Guetat, collaboratrice chez SMA France depuis 2007.<\/strong><!--more--><\/p>\n<p><strong>A l\u2019occasion de la journ\u00e9e internationale des droits des femmes, nous avons voulu partager le parcours d\u2019une collaboratrice. Ce t\u00e9moignage est l\u2019occasion de mettre \u00e0 l\u2019honneur toutes les femmes passionn\u00e9es qui \u0153uvrent au quotidien, parfois dans l\u2019ombre, pour la transition \u00e9nerg\u00e9tique. Rencontre avec Dominique Guetat, charg\u00e9e de client\u00e8le chez <a href=\"https:\/\/www.sma-france.com\/\" target=\"_blank\" rel=\"noopener\">SMA France<\/a>, pour qui le solaire est une v\u00e9ritable vocation.<\/strong><\/p>\n<p>&nbsp;<\/p>\n<p><strong>Peux-tu te pr\u00e9senter en quelques mots\u00a0? Quel est ton parcours\u00a0?<\/strong><\/p>\n<p>Je suis tomb\u00e9e dans l\u2019industrie tr\u00e8s t\u00f4t. D\u00e8s la fin de ma formation en commerce international. J\u2019ai occup\u00e9 des fonctions de support commercial dans diverses entreprises. Pendant cette p\u00e9riode, j\u2019ai eu la chance d\u2019exp\u00e9rimenter diff\u00e9rentes client\u00e8les et diff\u00e9rents types de produits. Mon parcours est jalonn\u00e9 d\u2019exp\u00e9riences dans des environnements tr\u00e8s techniques comme l\u2019automobile ou l\u2019a\u00e9ronautique. Il y a 10 ans, j\u2019ai int\u00e9gr\u00e9 SMA. Ce poste remplissait deux de mes attentes\u00a0: travailler pour un groupe international et agir pour le d\u00e9veloppement durable. Apr\u00e8s une premi\u00e8re mission dans la gestion de l\u2019administration des ventes, j\u2019ai \u00e9volu\u00e9 plus r\u00e9cemment vers le d\u00e9veloppement commercial.<\/p>\n<p>&nbsp;<\/p>\n<p><strong>Qu\u2019est-ce qui te passionne le plus dans ton m\u00e9tier aujourd\u2019hui\u00a0?<\/strong><\/p>\n<p>Ce que j\u2019aime avant tout dans mon m\u00e9tier, c\u2019est la relation client. Le plus important est de r\u00e9pondre aux besoins du client, comprendre ses attentes. Travailler dans un contexte international\u00a0est \u00e9galement tr\u00e8s stimulant. J\u2019appr\u00e9cie l\u2019\u00e9change avec mes coll\u00e8gues au si\u00e8ge (en Allemagne) et l\u2019interaction avec les autres filiales. Cela me permet d\u2019exploiter mon capital linguistique. (<strong>N.D.L.R\u00a0: <\/strong>Dominique est trilingue, fran\u00e7ais\/allemand\/anglais)<\/p>\n<p>&nbsp;<\/p>\n<p><strong>As-tu toujours voulu \u00e9voluer dans un environnement industriel\u00a0?<\/strong><\/p>\n<p>Par opportunit\u00e9s professionnelles, il est vrai que mon parcours est tourn\u00e9 exclusivement vers l\u2019industrie. Le fait de vendre du concret, c\u2019est cela qui est valorisant et cette dimension me convient parfaitement.<\/p>\n<p>&nbsp;<\/p>\n<p><strong>Comment parviens-tu \u00e0 t\u2019imposer dans ce secteur (le photovolta\u00efque) o\u00f9 les femmes sont minoritaires\u00a0?<\/strong><\/p>\n<p>Sans h\u00e9siter, gr\u00e2ce \u00e0 ma pugnacit\u00e9. J\u2019aime aller au bout des choses. C\u2019est d\u2019ailleurs l\u2019un de mes traits de caract\u00e8re. Je sais faire preuve aussi d\u2019une grande capacit\u00e9 d\u2019adaptation. Et surtout je ne l\u00e2che jamais. C\u2019est ainsi que je parviens \u00e0 remporter des succ\u00e8s dans ce monde tr\u00e8s masculin.<\/p>\n<p>&nbsp;<\/p>\n<p><strong>Quels conseils donnerais-tu \u00e0 une femme qui souhaite travailler dans le photovolta\u00efque\u00a0ou dans un secteur r\u00e9put\u00e9 technique ?<\/strong><\/p>\n<p>Je lui dirais de ne pas se freiner\u00a0et de foncer ! M\u00eame si l\u2019aspect technique est important, l\u2019aspect relationnel l\u2019est tout autant. C\u2019est un travail d\u2019\u00e9quipe. On arrive toujours \u00e0 satisfaire le client en \u00e9changeant.<\/p>\n<p>&nbsp;<\/p>\n<p><strong>Merci Dominique pour cette interview.<\/strong><\/p>\n<p>&nbsp;<\/p>\n\n\n<div class=\"kk-star-ratings kksr-auto kksr-align-left kksr-valign-bottom\"\n    data-payload='{&quot;align&quot;:&quot;left&quot;,&quot;id&quot;:&quot;51614&quot;,&quot;slug&quot;:&quot;default&quot;,&quot;valign&quot;:&quot;bottom&quot;,&quot;ignore&quot;:&quot;&quot;,&quot;reference&quot;:&quot;auto&quot;,&quot;class&quot;:&quot;&quot;,&quot;count&quot;:&quot;4&quot;,&quot;legendonly&quot;:&quot;&quot;,&quot;readonly&quot;:&quot;&quot;,&quot;score&quot;:&quot;5&quot;,&quot;starsonly&quot;:&quot;&quot;,&quot;best&quot;:&quot;5&quot;,&quot;gap&quot;:&quot;1&quot;,&quot;greet&quot;:&quot;&quot;,&quot;legend&quot;:&quot;5\\\/5 - (4 votes)&quot;,&quot;size&quot;:&quot;22&quot;,&quot;title&quot;:&quot;Mon conseil aux femmes : foncez !&quot;,&quot;width&quot;:&quot;114.5&quot;,&quot;_legend&quot;:&quot;{score}\\\/{best} - ({count} {votes})&quot;,&quot;font_factor&quot;:&quot;1.25&quot;}'>\n            \n<div class=\"kksr-stars\">\n    \n<div class=\"kksr-stars-inactive\">\n            <div class=\"kksr-star\" data-star=\"1\" style=\"padding-right: 1px\">\n            \n\n<div class=\"kksr-icon\" style=\"width: 22px; height: 22px;\"><\/div>\n        <\/div>\n            <div class=\"kksr-star\" data-star=\"2\" style=\"padding-right: 1px\">\n            \n\n<div class=\"kksr-icon\" style=\"width: 22px; height: 22px;\"><\/div>\n        <\/div>\n            <div class=\"kksr-star\" data-star=\"3\" style=\"padding-right: 1px\">\n            \n\n<div class=\"kksr-icon\" style=\"width: 22px; height: 22px;\"><\/div>\n        <\/div>\n            <div class=\"kksr-star\" data-star=\"4\" style=\"padding-right: 1px\">\n            \n\n<div class=\"kksr-icon\" style=\"width: 22px; height: 22px;\"><\/div>\n        <\/div>\n            <div class=\"kksr-star\" data-star=\"5\" style=\"padding-right: 1px\">\n            \n\n<div class=\"kksr-icon\" style=\"width: 22px; height: 22px;\"><\/div>\n        <\/div>\n    <\/div>\n    \n<div class=\"kksr-stars-active\" style=\"width: 114.5px;\">\n            <div class=\"kksr-star\" style=\"padding-right: 1px\">\n            \n\n<div class=\"kksr-icon\" style=\"width: 22px; height: 22px;\"><\/div>\n        <\/div>\n            <div class=\"kksr-star\" style=\"padding-right: 1px\">\n            \n\n<div class=\"kksr-icon\" style=\"width: 22px; height: 22px;\"><\/div>\n        <\/div>\n            <div class=\"kksr-star\" style=\"padding-right: 1px\">\n            \n\n<div class=\"kksr-icon\" style=\"width: 22px; height: 22px;\"><\/div>\n        <\/div>\n            <div class=\"kksr-star\" style=\"padding-right: 1px\">\n            \n\n<div class=\"kksr-icon\" style=\"width: 22px; height: 22px;\"><\/div>\n        <\/div>\n            <div class=\"kksr-star\" style=\"padding-right: 1px\">\n            \n\n<div class=\"kksr-icon\" style=\"width: 22px; height: 22px;\"><\/div>\n        <\/div>\n    <\/div>\n<\/div>\n                \n\n<div class=\"kksr-legend\" style=\"font-size: 17.6px;\">\n            5\/5 - (4 votes)    <\/div>\n    <\/div>\n<div class='printomatic pom-default ' id='id2096'  data-print_target='article'><\/div>","protected":false},"excerpt":{"rendered":"<p>Journ\u00e9e internationale des droits des femmes\u00a0: interview de Dominique Guetat, collaboratrice chez SMA France depuis 2007.<\/p>\n","protected":false},"author":32,"featured_media":51617,"comment_status":"open","ping_status":"closed","sticky":false,"template":"","format":"standard","meta":{"_acf_changed":false,"footnotes":""},"categories":[37],"tags":[579],"class_list":["post-51614","post","type-post","status-publish","format-standard","has-post-thumbnail","hentry","category-company","tag-france"],"acf":[],"yoast_head":"<!-- This site is optimized with the Yoast SEO plugin v23.9 - https:\/\/yoast.com\/wordpress\/plugins\/seo\/ -->\n<title>Mon conseil aux femmes : foncez !<\/title>\n<meta name=\"description\" content=\"Journ\u00e9e internationale des droits des femmes\u00a0: interview de Dominique Guetat, collaboratrice chez SMA France depuis 2007.\" \/>\n<meta name=\"robots\" content=\"index, follow, max-snippet:-1, max-image-preview:large, max-video-preview:-1\" \/>\n<link rel=\"canonical\" href=\"https:\/\/www.sma-sunny.com\/fr\/mon-conseil-aux-femmes-foncez\/\" \/>\n<meta property=\"og:locale\" content=\"fr_FR\" \/>\n<meta property=\"og:type\" content=\"article\" \/>\n<meta property=\"og:title\" content=\"Mon conseil aux femmes : foncez !\" \/>\n<meta property=\"og:description\" content=\"Journ\u00e9e internationale des droits des femmes\u00a0: interview de Dominique Guetat, collaboratrice chez SMA France depuis 2007.\" \/>\n<meta property=\"og:url\" content=\"https:\/\/www.sma-sunny.com\/fr\/mon-conseil-aux-femmes-foncez\/\" \/>\n<meta property=\"og:site_name\" content=\"Sunny. SMA Corporate Blog\" \/>\n<meta property=\"article:publisher\" content=\"https:\/\/facebook.com\/SMASolarTechnology\" \/>\n<meta property=\"article:published_time\" content=\"2018-03-08T06:00:00+00:00\" \/>\n<meta property=\"article:modified_time\" content=\"2018-03-07T08:33:05+00:00\" \/>\n<meta property=\"og:image\" content=\"https:\/\/www.sma-sunny.com\/wp-content\/uploads\/2018\/03\/dominique-gueta-sma-france.jpg\" \/>\n\t<meta property=\"og:image:width\" content=\"1400\" \/>\n\t<meta property=\"og:image:height\" content=\"676\" \/>\n\t<meta property=\"og:image:type\" content=\"image\/jpeg\" \/>\n<meta name=\"author\" content=\"Dalila Boukhalfa\" \/>\n<meta name=\"twitter:card\" content=\"summary_large_image\" \/>\n<meta name=\"twitter:creator\" content=\"@SMAsolar\" \/>\n<meta name=\"twitter:site\" content=\"@SMAsolar\" \/>\n<meta name=\"twitter:label1\" content=\"\u00c9crit par\" \/>\n\t<meta name=\"twitter:data1\" content=\"Dalila Boukhalfa\" \/>\n\t<meta name=\"twitter:label2\" content=\"Dur\u00e9e de lecture estim\u00e9e\" \/>\n\t<meta name=\"twitter:data2\" content=\"3 minutes\" \/>\n<script type=\"application\/ld+json\" class=\"yoast-schema-graph\">{\"@context\":\"https:\/\/schema.org\",\"@graph\":[{\"@type\":\"WebPage\",\"@id\":\"https:\/\/www.sma-sunny.com\/fr\/mon-conseil-aux-femmes-foncez\/\",\"url\":\"https:\/\/www.sma-sunny.com\/fr\/mon-conseil-aux-femmes-foncez\/\",\"name\":\"Mon conseil aux femmes : foncez !\",\"isPartOf\":{\"@id\":\"https:\/\/www.sma-sunny.com\/fr\/#website\"},\"primaryImageOfPage\":{\"@id\":\"https:\/\/www.sma-sunny.com\/fr\/mon-conseil-aux-femmes-foncez\/#primaryimage\"},\"image\":{\"@id\":\"https:\/\/www.sma-sunny.com\/fr\/mon-conseil-aux-femmes-foncez\/#primaryimage\"},\"thumbnailUrl\":\"https:\/\/www.sma-sunny.com\/wp-content\/uploads\/2018\/03\/dominique-gueta-sma-france.jpg\",\"datePublished\":\"2018-03-08T06:00:00+00:00\",\"dateModified\":\"2018-03-07T08:33:05+00:00\",\"author\":{\"@id\":\"https:\/\/www.sma-sunny.com\/fr\/#\/schema\/person\/a72d46aebe96d7e57bc91ab626ff2e61\"},\"description\":\"Journ\u00e9e internationale des droits des femmes\u00a0: interview de Dominique Guetat, collaboratrice chez SMA France depuis 2007.\",\"breadcrumb\":{\"@id\":\"https:\/\/www.sma-sunny.com\/fr\/mon-conseil-aux-femmes-foncez\/#breadcrumb\"},\"inLanguage\":\"fr-FR\",\"potentialAction\":[{\"@type\":\"ReadAction\",\"target\":[\"https:\/\/www.sma-sunny.com\/fr\/mon-conseil-aux-femmes-foncez\/\"]}]},{\"@type\":\"ImageObject\",\"inLanguage\":\"fr-FR\",\"@id\":\"https:\/\/www.sma-sunny.com\/fr\/mon-conseil-aux-femmes-foncez\/#primaryimage\",\"url\":\"https:\/\/www.sma-sunny.com\/wp-content\/uploads\/2018\/03\/dominique-gueta-sma-france.jpg\",\"contentUrl\":\"https:\/\/www.sma-sunny.com\/wp-content\/uploads\/2018\/03\/dominique-gueta-sma-france.jpg\",\"width\":1400,\"height\":676},{\"@type\":\"BreadcrumbList\",\"@id\":\"https:\/\/www.sma-sunny.com\/fr\/mon-conseil-aux-femmes-foncez\/#breadcrumb\",\"itemListElement\":[{\"@type\":\"ListItem\",\"position\":1,\"name\":\"Startseite\",\"item\":\"https:\/\/www.sma-sunny.com\/fr\/\"},{\"@type\":\"ListItem\",\"position\":2,\"name\":\"Mon conseil aux femmes : foncez !\"}]},{\"@type\":\"WebSite\",\"@id\":\"https:\/\/www.sma-sunny.com\/fr\/#website\",\"url\":\"https:\/\/www.sma-sunny.com\/fr\/\",\"name\":\"Sunny. SMA Corporate Blog\",\"description\":\"\",\"potentialAction\":[{\"@type\":\"SearchAction\",\"target\":{\"@type\":\"EntryPoint\",\"urlTemplate\":\"https:\/\/www.sma-sunny.com\/fr\/?s={search_term_string}\"},\"query-input\":{\"@type\":\"PropertyValueSpecification\",\"valueRequired\":true,\"valueName\":\"search_term_string\"}}],\"inLanguage\":\"fr-FR\"},{\"@type\":\"Person\",\"@id\":\"https:\/\/www.sma-sunny.com\/fr\/#\/schema\/person\/a72d46aebe96d7e57bc91ab626ff2e61\",\"name\":\"Dalila Boukhalfa\",\"image\":{\"@type\":\"ImageObject\",\"inLanguage\":\"fr-FR\",\"@id\":\"https:\/\/www.sma-sunny.com\/fr\/#\/schema\/person\/image\/\",\"url\":\"https:\/\/www.sma-sunny.com\/wp-content\/uploads\/2018\/02\/dalila-avatar.jpg\",\"contentUrl\":\"https:\/\/www.sma-sunny.com\/wp-content\/uploads\/2018\/02\/dalila-avatar.jpg\",\"caption\":\"Dalila Boukhalfa\"},\"description\":\"Meine Aufgaben: Kommunikationsexpertin bei SMA France. Meine Themen: Alles rund um den Franz\u00f6sischen PV-Markt und PR, Werbung, Social Media, etc. Was selbst meine Kollegen nicht \u00fcber mich wissen: Als ich klein war, habe ich zweimal die Bronzemedaille in der franz\u00f6sischen Tischtennis-Meisterschaft gewonnen und an den Jugend-Olympischen Spielen 1998 teilgenommen.\",\"url\":\"https:\/\/www.sma-sunny.com\/fr\/author\/dalila\/\"}]}<\/script>\n<!-- \/ Yoast SEO plugin. -->","yoast_head_json":{"title":"Mon conseil aux femmes : foncez !","description":"Journ\u00e9e internationale des droits des femmes\u00a0: interview de Dominique Guetat, collaboratrice chez SMA France depuis 2007.","robots":{"index":"index","follow":"follow","max-snippet":"max-snippet:-1","max-image-preview":"max-image-preview:large","max-video-preview":"max-video-preview:-1"},"canonical":"https:\/\/www.sma-sunny.com\/fr\/mon-conseil-aux-femmes-foncez\/","og_locale":"fr_FR","og_type":"article","og_title":"Mon conseil aux femmes : foncez !","og_description":"Journ\u00e9e internationale des droits des femmes\u00a0: interview de Dominique Guetat, collaboratrice chez SMA France depuis 2007.","og_url":"https:\/\/www.sma-sunny.com\/fr\/mon-conseil-aux-femmes-foncez\/","og_site_name":"Sunny. SMA Corporate Blog","article_publisher":"https:\/\/facebook.com\/SMASolarTechnology","article_published_time":"2018-03-08T06:00:00+00:00","article_modified_time":"2018-03-07T08:33:05+00:00","og_image":[{"width":1400,"height":676,"url":"https:\/\/www.sma-sunny.com\/wp-content\/uploads\/2018\/03\/dominique-gueta-sma-france.jpg","type":"image\/jpeg"}],"author":"Dalila Boukhalfa","twitter_card":"summary_large_image","twitter_creator":"@SMAsolar","twitter_site":"@SMAsolar","twitter_misc":{"\u00c9crit par":"Dalila Boukhalfa","Dur\u00e9e de lecture estim\u00e9e":"3 minutes"},"schema":{"@context":"https:\/\/schema.org","@graph":[{"@type":"WebPage","@id":"https:\/\/www.sma-sunny.com\/fr\/mon-conseil-aux-femmes-foncez\/","url":"https:\/\/www.sma-sunny.com\/fr\/mon-conseil-aux-femmes-foncez\/","name":"Mon conseil aux femmes : foncez !","isPartOf":{"@id":"https:\/\/www.sma-sunny.com\/fr\/#website"},"primaryImageOfPage":{"@id":"https:\/\/www.sma-sunny.com\/fr\/mon-conseil-aux-femmes-foncez\/#primaryimage"},"image":{"@id":"https:\/\/www.sma-sunny.com\/fr\/mon-conseil-aux-femmes-foncez\/#primaryimage"},"thumbnailUrl":"https:\/\/www.sma-sunny.com\/wp-content\/uploads\/2018\/03\/dominique-gueta-sma-france.jpg","datePublished":"2018-03-08T06:00:00+00:00","dateModified":"2018-03-07T08:33:05+00:00","author":{"@id":"https:\/\/www.sma-sunny.com\/fr\/#\/schema\/person\/a72d46aebe96d7e57bc91ab626ff2e61"},"description":"Journ\u00e9e internationale des droits des femmes\u00a0: interview de Dominique Guetat, collaboratrice chez SMA France depuis 2007.","breadcrumb":{"@id":"https:\/\/www.sma-sunny.com\/fr\/mon-conseil-aux-femmes-foncez\/#breadcrumb"},"inLanguage":"fr-FR","potentialAction":[{"@type":"ReadAction","target":["https:\/\/www.sma-sunny.com\/fr\/mon-conseil-aux-femmes-foncez\/"]}]},{"@type":"ImageObject","inLanguage":"fr-FR","@id":"https:\/\/www.sma-sunny.com\/fr\/mon-conseil-aux-femmes-foncez\/#primaryimage","url":"https:\/\/www.sma-sunny.com\/wp-content\/uploads\/2018\/03\/dominique-gueta-sma-france.jpg","contentUrl":"https:\/\/www.sma-sunny.com\/wp-content\/uploads\/2018\/03\/dominique-gueta-sma-france.jpg","width":1400,"height":676},{"@type":"BreadcrumbList","@id":"https:\/\/www.sma-sunny.com\/fr\/mon-conseil-aux-femmes-foncez\/#breadcrumb","itemListElement":[{"@type":"ListItem","position":1,"name":"Startseite","item":"https:\/\/www.sma-sunny.com\/fr\/"},{"@type":"ListItem","position":2,"name":"Mon conseil aux femmes : foncez !"}]},{"@type":"WebSite","@id":"https:\/\/www.sma-sunny.com\/fr\/#website","url":"https:\/\/www.sma-sunny.com\/fr\/","name":"Sunny. SMA Corporate Blog","description":"","potentialAction":[{"@type":"SearchAction","target":{"@type":"EntryPoint","urlTemplate":"https:\/\/www.sma-sunny.com\/fr\/?s={search_term_string}"},"query-input":{"@type":"PropertyValueSpecification","valueRequired":true,"valueName":"search_term_string"}}],"inLanguage":"fr-FR"},{"@type":"Person","@id":"https:\/\/www.sma-sunny.com\/fr\/#\/schema\/person\/a72d46aebe96d7e57bc91ab626ff2e61","name":"Dalila Boukhalfa","image":{"@type":"ImageObject","inLanguage":"fr-FR","@id":"https:\/\/www.sma-sunny.com\/fr\/#\/schema\/person\/image\/","url":"https:\/\/www.sma-sunny.com\/wp-content\/uploads\/2018\/02\/dalila-avatar.jpg","contentUrl":"https:\/\/www.sma-sunny.com\/wp-content\/uploads\/2018\/02\/dalila-avatar.jpg","caption":"Dalila Boukhalfa"},"description":"Meine Aufgaben: Kommunikationsexpertin bei SMA France. Meine Themen: Alles rund um den Franz\u00f6sischen PV-Markt und PR, Werbung, Social Media, etc. Was selbst meine Kollegen nicht \u00fcber mich wissen: Als ich klein war, habe ich zweimal die Bronzemedaille in der franz\u00f6sischen Tischtennis-Meisterschaft gewonnen und an den Jugend-Olympischen Spielen 1998 teilgenommen.","url":"https:\/\/www.sma-sunny.com\/fr\/author\/dalila\/"}]}},"_links":{"self":[{"href":"https:\/\/www.sma-sunny.com\/fr\/wp-json\/wp\/v2\/posts\/51614","targetHints":{"allow":["GET"]}}],"collection":[{"href":"https:\/\/www.sma-sunny.com\/fr\/wp-json\/wp\/v2\/posts"}],"about":[{"href":"https:\/\/www.sma-sunny.com\/fr\/wp-json\/wp\/v2\/types\/post"}],"author":[{"embeddable":true,"href":"https:\/\/www.sma-sunny.com\/fr\/wp-json\/wp\/v2\/users\/32"}],"replies":[{"embeddable":true,"href":"https:\/\/www.sma-sunny.com\/fr\/wp-json\/wp\/v2\/comments?post=51614"}],"version-history":[{"count":0,"href":"https:\/\/www.sma-sunny.com\/fr\/wp-json\/wp\/v2\/posts\/51614\/revisions"}],"wp:featuredmedia":[{"embeddable":true,"href":"https:\/\/www.sma-sunny.com\/fr\/wp-json\/wp\/v2\/media\/51617"}],"wp:attachment":[{"href":"https:\/\/www.sma-sunny.com\/fr\/wp-json\/wp\/v2\/media?parent=51614"}],"wp:term":[{"taxonomy":"category","embeddable":true,"href":"https:\/\/www.sma-sunny.com\/fr\/wp-json\/wp\/v2\/categories?post=51614"},{"taxonomy":"post_tag","embeddable":true,"href":"https:\/\/www.sma-sunny.com\/fr\/wp-json\/wp\/v2\/tags?post=51614"}],"curies":[{"name":"wp","href":"https:\/\/api.w.org\/{rel}","templated":true}]}}