{"id":88986,"date":"2019-02-13T10:05:49","date_gmt":"2019-02-13T09:05:49","guid":{"rendered":"https:\/\/www.sma-sunny.com\/?p=88986"},"modified":"2019-02-13T10:05:49","modified_gmt":"2019-02-13T09:05:49","slug":"sunny-design-nueva-opcion-para-la-movilidad-electrica-en-plantas-privadas-y-comerciales","status":"publish","type":"post","link":"https:\/\/www.sma-sunny.com\/es\/sunny-design-nueva-opcion-para-la-movilidad-electrica-en-plantas-privadas-y-comerciales\/","title":{"rendered":"Sunny Design: nueva opci\u00f3n para la movilidad el\u00e9ctrica en plantas privadas y comerciales"},"content":{"rendered":"<p><strong>Nuestra herramienta de <a href=\"https:\/\/www.sunnydesignweb.com\/sdweb\/#\/\" target=\"_blank\" rel=\"noopener\">planificaci\u00f3n Sunny Design<\/a> incluye ahora nuevas funciones. Con ello, se abre un nuevo abanico de posibilidades para los planificadores de plantas y t\u00e9cnicos especializados a la hora de configurar plantas fotovoltaicas y sistemas energ\u00e9ticos tanto en el \u00e1mbito privado como en el comercial.<\/strong><\/p>\n<h2>El software gratuito Sunny Design Web ya incluye la movilidad el\u00e9ctrica para proyectos privados con autoconsumo:<\/h2>\n<ul>\n<li>En las plantas fotovoltaicas con autoconsumo, ahora tambi\u00e9n pueden tenerse en cuenta veh\u00edculos el\u00e9ctricos con estaci\u00f3n de carga como equipos consumidores.<\/li>\n<li>Para reproducir el uso del veh\u00edculo se dispone de diferentes plantillas con escenarios t\u00edpicos.<\/li>\n<li>Se muestran todos los \u00edndices importantes relativos a consumo energ\u00e9tico y costes.<\/li>\n<\/ul>\n<h2>En Sunny Design Pro, la planificaci\u00f3n de sistemas energ\u00e9ticos se ha ampliado para incluir la movilidad el\u00e9ctrica industrial:<\/h2>\n<p>En el sistema energ\u00e9tico pueden configurarse varias estaciones de carga con diferentes tipos.<br \/>\nEn cuanto al uso de los puntos de carga, puede elegirse entre dos opciones de configuraci\u00f3n:<\/p>\n<ol>\n<li>Si se conoce los veh\u00edculos y su uso (p.\u00a0ej., en bloques de viviendas o parques m\u00f3viles), estos pueden predefinirse de manera exacta.<\/li>\n<li>Por el contrario, si no se dispone de informaci\u00f3n acerca de los veh\u00edculos concretos, pueden indicarse supuestos estad\u00edsticos para las horas de uso y la tasa de utilizaci\u00f3n de las estaciones de carga. Este ser\u00eda el caso, por ejemplo, de hoteles y supermercados.<\/li>\n<li>En cualquiera de los casos, existen plantillas a medida que pueden adaptarse f\u00e1cilmente a la situaci\u00f3n del cliente en cuesti\u00f3n.<\/li>\n<\/ol>\n<h2>\u00bfY qu\u00e9 m\u00e1s novedades incorpora Sunny Design Pro?<\/h2>\n<ul>\n<li>Ahora, los proyectos de los sistemas energ\u00e9ticos tambi\u00e9n incluyen posibles escenarios aplicables a viviendas unifamiliares.<\/li>\n<li>Asimismo, las necesidades calor\u00edficas ya pueden calcularse mediante tipos de edificio predefinidos.<\/li>\n<li>Y, a partir de ahora, el volumen del acumulador t\u00e9rmico intermedio puede ajustarse manualmente.<\/li>\n<\/ul>\n<p>Aqu\u00ed dispone de toda la informaci\u00f3n sobre Sunny Design, la <a href=\"https:\/\/www.sma.de\/es\/productos\/software-de-planificacion\/sunny-design.html\" target=\"_blank\" rel=\"noopener\">herramienta de planificaci\u00f3n de SMA<\/a><\/p>\n<p>&nbsp;<\/p>\n\n\n<div class=\"kk-star-ratings kksr-auto kksr-align-left kksr-valign-bottom\"\n    data-payload='{&quot;align&quot;:&quot;left&quot;,&quot;id&quot;:&quot;88986&quot;,&quot;slug&quot;:&quot;default&quot;,&quot;valign&quot;:&quot;bottom&quot;,&quot;ignore&quot;:&quot;&quot;,&quot;reference&quot;:&quot;auto&quot;,&quot;class&quot;:&quot;&quot;,&quot;count&quot;:&quot;0&quot;,&quot;legendonly&quot;:&quot;&quot;,&quot;readonly&quot;:&quot;&quot;,&quot;score&quot;:&quot;0&quot;,&quot;starsonly&quot;:&quot;&quot;,&quot;best&quot;:&quot;5&quot;,&quot;gap&quot;:&quot;1&quot;,&quot;greet&quot;:&quot;&quot;,&quot;legend&quot;:&quot;0\\\/5 - (0 votos)&quot;,&quot;size&quot;:&quot;22&quot;,&quot;title&quot;:&quot;Sunny Design: nueva opci\u00f3n para la movilidad el\u00e9ctrica en plantas privadas y comerciales&quot;,&quot;width&quot;:&quot;0&quot;,&quot;_legend&quot;:&quot;{score}\\\/{best} - ({count} {votes})&quot;,&quot;font_factor&quot;:&quot;1.25&quot;}'>\n            \n<div class=\"kksr-stars\">\n    \n<div class=\"kksr-stars-inactive\">\n            <div class=\"kksr-star\" data-star=\"1\" style=\"padding-right: 1px\">\n            \n\n<div class=\"kksr-icon\" style=\"width: 22px; height: 22px;\"><\/div>\n        <\/div>\n            <div class=\"kksr-star\" data-star=\"2\" style=\"padding-right: 1px\">\n            \n\n<div class=\"kksr-icon\" style=\"width: 22px; height: 22px;\"><\/div>\n        <\/div>\n            <div class=\"kksr-star\" data-star=\"3\" style=\"padding-right: 1px\">\n            \n\n<div class=\"kksr-icon\" style=\"width: 22px; height: 22px;\"><\/div>\n        <\/div>\n            <div class=\"kksr-star\" data-star=\"4\" style=\"padding-right: 1px\">\n            \n\n<div class=\"kksr-icon\" style=\"width: 22px; height: 22px;\"><\/div>\n        <\/div>\n            <div class=\"kksr-star\" data-star=\"5\" style=\"padding-right: 1px\">\n            \n\n<div class=\"kksr-icon\" style=\"width: 22px; height: 22px;\"><\/div>\n        <\/div>\n    <\/div>\n    \n<div class=\"kksr-stars-active\" style=\"width: 0px;\">\n            <div class=\"kksr-star\" style=\"padding-right: 1px\">\n            \n\n<div class=\"kksr-icon\" style=\"width: 22px; height: 22px;\"><\/div>\n        <\/div>\n            <div class=\"kksr-star\" style=\"padding-right: 1px\">\n            \n\n<div class=\"kksr-icon\" style=\"width: 22px; height: 22px;\"><\/div>\n        <\/div>\n            <div class=\"kksr-star\" style=\"padding-right: 1px\">\n            \n\n<div class=\"kksr-icon\" style=\"width: 22px; height: 22px;\"><\/div>\n        <\/div>\n            <div class=\"kksr-star\" style=\"padding-right: 1px\">\n            \n\n<div class=\"kksr-icon\" style=\"width: 22px; height: 22px;\"><\/div>\n        <\/div>\n            <div class=\"kksr-star\" style=\"padding-right: 1px\">\n            \n\n<div class=\"kksr-icon\" style=\"width: 22px; height: 22px;\"><\/div>\n        <\/div>\n    <\/div>\n<\/div>\n                \n\n<div class=\"kksr-legend\" style=\"font-size: 17.6px;\">\n            <span class=\"kksr-muted\"><\/span>\n    <\/div>\n    <\/div>\n<div class='printomatic pom-default ' id='id9810'  data-print_target='article'><\/div>","protected":false},"excerpt":{"rendered":"<p>Nuestra herramienta de planificaci\u00f3n Sunny Design incluye ahora nuevas funciones. Con ello, se abre un nuevo abanico de posibilidades para los planificadores de plantas y t\u00e9cnicos especializados a la hora de configurar plantas fotovoltaicas y sistemas energ\u00e9ticos tanto en el \u00e1mbito privado como en el comercial.<\/p>\n","protected":false},"author":10,"featured_media":89039,"comment_status":"open","ping_status":"closed","sticky":false,"template":"","format":"standard","meta":{"_acf_changed":false,"footnotes":""},"categories":[60],"tags":[1029,1028],"class_list":["post-88986","post","type-post","status-publish","format-standard","has-post-thumbnail","hentry","category-solutions","tag-ennexos-es","tag-sunny-design-es"],"acf":[],"yoast_head":"<!-- This site is optimized with the Yoast SEO plugin v23.9 - https:\/\/yoast.com\/wordpress\/plugins\/seo\/ -->\n<title>Sunny Design: nueva opci\u00f3n para la movilidad el\u00e9ctrica en plantas privadas y comerciales - Sunny. SMA Corporate Blog<\/title>\n<meta name=\"robots\" content=\"index, follow, max-snippet:-1, max-image-preview:large, max-video-preview:-1\" \/>\n<link rel=\"canonical\" href=\"https:\/\/www.sma-sunny.com\/es\/sunny-design-nueva-opcion-para-la-movilidad-electrica-en-plantas-privadas-y-comerciales\/\" \/>\n<meta property=\"og:locale\" content=\"es_ES\" \/>\n<meta property=\"og:type\" content=\"article\" \/>\n<meta property=\"og:title\" content=\"Sunny Design: nueva opci\u00f3n para la movilidad el\u00e9ctrica en plantas privadas y comerciales - Sunny. SMA Corporate Blog\" \/>\n<meta property=\"og:description\" content=\"Nuestra herramienta de planificaci\u00f3n Sunny Design incluye ahora nuevas funciones. Con ello, se abre un nuevo abanico de posibilidades para los planificadores de plantas y t\u00e9cnicos especializados a la hora de configurar plantas fotovoltaicas y sistemas energ\u00e9ticos tanto en el \u00e1mbito privado como en el comercial.\" \/>\n<meta property=\"og:url\" content=\"https:\/\/www.sma-sunny.com\/es\/sunny-design-nueva-opcion-para-la-movilidad-electrica-en-plantas-privadas-y-comerciales\/\" \/>\n<meta property=\"og:site_name\" content=\"Sunny. SMA Corporate Blog\" \/>\n<meta property=\"article:publisher\" content=\"https:\/\/facebook.com\/SMASolarTechnology\" \/>\n<meta property=\"article:published_time\" content=\"2019-02-13T09:05:49+00:00\" \/>\n<meta property=\"og:image\" content=\"https:\/\/www.sma-sunny.com\/wp-content\/uploads\/2019\/02\/SunnyDesign_Blogpic.jpg\" \/>\n\t<meta property=\"og:image:width\" content=\"1400\" \/>\n\t<meta property=\"og:image:height\" content=\"676\" \/>\n\t<meta property=\"og:image:type\" content=\"image\/jpeg\" \/>\n<meta name=\"author\" content=\"Dagmar Buth-Parvaresh\" \/>\n<meta name=\"twitter:card\" content=\"summary_large_image\" \/>\n<meta name=\"twitter:creator\" content=\"@SMAsolar\" \/>\n<meta name=\"twitter:site\" content=\"@SMAsolar\" \/>\n<meta name=\"twitter:label1\" content=\"Escrito por\" \/>\n\t<meta name=\"twitter:data1\" content=\"Dagmar Buth-Parvaresh\" \/>\n\t<meta name=\"twitter:label2\" content=\"Tiempo de lectura\" \/>\n\t<meta name=\"twitter:data2\" content=\"2 minutos\" \/>\n<script type=\"application\/ld+json\" class=\"yoast-schema-graph\">{\"@context\":\"https:\/\/schema.org\",\"@graph\":[{\"@type\":\"WebPage\",\"@id\":\"https:\/\/www.sma-sunny.com\/es\/sunny-design-nueva-opcion-para-la-movilidad-electrica-en-plantas-privadas-y-comerciales\/\",\"url\":\"https:\/\/www.sma-sunny.com\/es\/sunny-design-nueva-opcion-para-la-movilidad-electrica-en-plantas-privadas-y-comerciales\/\",\"name\":\"Sunny Design: nueva opci\u00f3n para la movilidad el\u00e9ctrica en plantas privadas y comerciales - Sunny. SMA Corporate Blog\",\"isPartOf\":{\"@id\":\"https:\/\/www.sma-sunny.com\/es\/#website\"},\"primaryImageOfPage\":{\"@id\":\"https:\/\/www.sma-sunny.com\/es\/sunny-design-nueva-opcion-para-la-movilidad-electrica-en-plantas-privadas-y-comerciales\/#primaryimage\"},\"image\":{\"@id\":\"https:\/\/www.sma-sunny.com\/es\/sunny-design-nueva-opcion-para-la-movilidad-electrica-en-plantas-privadas-y-comerciales\/#primaryimage\"},\"thumbnailUrl\":\"https:\/\/www.sma-sunny.com\/wp-content\/uploads\/2019\/02\/SunnyDesign_Blogpic.jpg\",\"datePublished\":\"2019-02-13T09:05:49+00:00\",\"dateModified\":\"2019-02-13T09:05:49+00:00\",\"author\":{\"@id\":\"https:\/\/www.sma-sunny.com\/es\/#\/schema\/person\/0c7a2eaa3bbb153c869499cb1712b627\"},\"breadcrumb\":{\"@id\":\"https:\/\/www.sma-sunny.com\/es\/sunny-design-nueva-opcion-para-la-movilidad-electrica-en-plantas-privadas-y-comerciales\/#breadcrumb\"},\"inLanguage\":\"es\",\"potentialAction\":[{\"@type\":\"ReadAction\",\"target\":[\"https:\/\/www.sma-sunny.com\/es\/sunny-design-nueva-opcion-para-la-movilidad-electrica-en-plantas-privadas-y-comerciales\/\"]}]},{\"@type\":\"ImageObject\",\"inLanguage\":\"es\",\"@id\":\"https:\/\/www.sma-sunny.com\/es\/sunny-design-nueva-opcion-para-la-movilidad-electrica-en-plantas-privadas-y-comerciales\/#primaryimage\",\"url\":\"https:\/\/www.sma-sunny.com\/wp-content\/uploads\/2019\/02\/SunnyDesign_Blogpic.jpg\",\"contentUrl\":\"https:\/\/www.sma-sunny.com\/wp-content\/uploads\/2019\/02\/SunnyDesign_Blogpic.jpg\",\"width\":1400,\"height\":676},{\"@type\":\"BreadcrumbList\",\"@id\":\"https:\/\/www.sma-sunny.com\/es\/sunny-design-nueva-opcion-para-la-movilidad-electrica-en-plantas-privadas-y-comerciales\/#breadcrumb\",\"itemListElement\":[{\"@type\":\"ListItem\",\"position\":1,\"name\":\"Startseite\",\"item\":\"https:\/\/www.sma-sunny.com\/es\/\"},{\"@type\":\"ListItem\",\"position\":2,\"name\":\"Sunny Design: nueva opci\u00f3n para la movilidad el\u00e9ctrica en plantas privadas y comerciales\"}]},{\"@type\":\"WebSite\",\"@id\":\"https:\/\/www.sma-sunny.com\/es\/#website\",\"url\":\"https:\/\/www.sma-sunny.com\/es\/\",\"name\":\"Sunny. SMA Corporate Blog\",\"description\":\"\",\"potentialAction\":[{\"@type\":\"SearchAction\",\"target\":{\"@type\":\"EntryPoint\",\"urlTemplate\":\"https:\/\/www.sma-sunny.com\/es\/?s={search_term_string}\"},\"query-input\":{\"@type\":\"PropertyValueSpecification\",\"valueRequired\":true,\"valueName\":\"search_term_string\"}}],\"inLanguage\":\"es\"},{\"@type\":\"Person\",\"@id\":\"https:\/\/www.sma-sunny.com\/es\/#\/schema\/person\/0c7a2eaa3bbb153c869499cb1712b627\",\"name\":\"Dagmar Buth-Parvaresh\",\"image\":{\"@type\":\"ImageObject\",\"inLanguage\":\"es\",\"@id\":\"https:\/\/www.sma-sunny.com\/es\/#\/schema\/person\/image\/\",\"url\":\"https:\/\/www.sma-sunny.com\/wp-content\/uploads\/2022\/08\/dagmar-120x120.jpg\",\"contentUrl\":\"https:\/\/www.sma-sunny.com\/wp-content\/uploads\/2022\/08\/dagmar-120x120.jpg\",\"caption\":\"Dagmar Buth-Parvaresh\"},\"description\":\"Public Relations Professional\",\"url\":\"https:\/\/www.sma-sunny.com\/es\/author\/dagmar\/\"}]}<\/script>\n<!-- \/ Yoast SEO plugin. -->","yoast_head_json":{"title":"Sunny Design: nueva opci\u00f3n para la movilidad el\u00e9ctrica en plantas privadas y comerciales - Sunny. SMA Corporate Blog","robots":{"index":"index","follow":"follow","max-snippet":"max-snippet:-1","max-image-preview":"max-image-preview:large","max-video-preview":"max-video-preview:-1"},"canonical":"https:\/\/www.sma-sunny.com\/es\/sunny-design-nueva-opcion-para-la-movilidad-electrica-en-plantas-privadas-y-comerciales\/","og_locale":"es_ES","og_type":"article","og_title":"Sunny Design: nueva opci\u00f3n para la movilidad el\u00e9ctrica en plantas privadas y comerciales - Sunny. SMA Corporate Blog","og_description":"Nuestra herramienta de planificaci\u00f3n Sunny Design incluye ahora nuevas funciones. Con ello, se abre un nuevo abanico de posibilidades para los planificadores de plantas y t\u00e9cnicos especializados a la hora de configurar plantas fotovoltaicas y sistemas energ\u00e9ticos tanto en el \u00e1mbito privado como en el comercial.","og_url":"https:\/\/www.sma-sunny.com\/es\/sunny-design-nueva-opcion-para-la-movilidad-electrica-en-plantas-privadas-y-comerciales\/","og_site_name":"Sunny. SMA Corporate Blog","article_publisher":"https:\/\/facebook.com\/SMASolarTechnology","article_published_time":"2019-02-13T09:05:49+00:00","og_image":[{"width":1400,"height":676,"url":"https:\/\/www.sma-sunny.com\/wp-content\/uploads\/2019\/02\/SunnyDesign_Blogpic.jpg","type":"image\/jpeg"}],"author":"Dagmar Buth-Parvaresh","twitter_card":"summary_large_image","twitter_creator":"@SMAsolar","twitter_site":"@SMAsolar","twitter_misc":{"Escrito por":"Dagmar Buth-Parvaresh","Tiempo de lectura":"2 minutos"},"schema":{"@context":"https:\/\/schema.org","@graph":[{"@type":"WebPage","@id":"https:\/\/www.sma-sunny.com\/es\/sunny-design-nueva-opcion-para-la-movilidad-electrica-en-plantas-privadas-y-comerciales\/","url":"https:\/\/www.sma-sunny.com\/es\/sunny-design-nueva-opcion-para-la-movilidad-electrica-en-plantas-privadas-y-comerciales\/","name":"Sunny Design: nueva opci\u00f3n para la movilidad el\u00e9ctrica en plantas privadas y comerciales - Sunny. SMA Corporate Blog","isPartOf":{"@id":"https:\/\/www.sma-sunny.com\/es\/#website"},"primaryImageOfPage":{"@id":"https:\/\/www.sma-sunny.com\/es\/sunny-design-nueva-opcion-para-la-movilidad-electrica-en-plantas-privadas-y-comerciales\/#primaryimage"},"image":{"@id":"https:\/\/www.sma-sunny.com\/es\/sunny-design-nueva-opcion-para-la-movilidad-electrica-en-plantas-privadas-y-comerciales\/#primaryimage"},"thumbnailUrl":"https:\/\/www.sma-sunny.com\/wp-content\/uploads\/2019\/02\/SunnyDesign_Blogpic.jpg","datePublished":"2019-02-13T09:05:49+00:00","dateModified":"2019-02-13T09:05:49+00:00","author":{"@id":"https:\/\/www.sma-sunny.com\/es\/#\/schema\/person\/0c7a2eaa3bbb153c869499cb1712b627"},"breadcrumb":{"@id":"https:\/\/www.sma-sunny.com\/es\/sunny-design-nueva-opcion-para-la-movilidad-electrica-en-plantas-privadas-y-comerciales\/#breadcrumb"},"inLanguage":"es","potentialAction":[{"@type":"ReadAction","target":["https:\/\/www.sma-sunny.com\/es\/sunny-design-nueva-opcion-para-la-movilidad-electrica-en-plantas-privadas-y-comerciales\/"]}]},{"@type":"ImageObject","inLanguage":"es","@id":"https:\/\/www.sma-sunny.com\/es\/sunny-design-nueva-opcion-para-la-movilidad-electrica-en-plantas-privadas-y-comerciales\/#primaryimage","url":"https:\/\/www.sma-sunny.com\/wp-content\/uploads\/2019\/02\/SunnyDesign_Blogpic.jpg","contentUrl":"https:\/\/www.sma-sunny.com\/wp-content\/uploads\/2019\/02\/SunnyDesign_Blogpic.jpg","width":1400,"height":676},{"@type":"BreadcrumbList","@id":"https:\/\/www.sma-sunny.com\/es\/sunny-design-nueva-opcion-para-la-movilidad-electrica-en-plantas-privadas-y-comerciales\/#breadcrumb","itemListElement":[{"@type":"ListItem","position":1,"name":"Startseite","item":"https:\/\/www.sma-sunny.com\/es\/"},{"@type":"ListItem","position":2,"name":"Sunny Design: nueva opci\u00f3n para la movilidad el\u00e9ctrica en plantas privadas y comerciales"}]},{"@type":"WebSite","@id":"https:\/\/www.sma-sunny.com\/es\/#website","url":"https:\/\/www.sma-sunny.com\/es\/","name":"Sunny. SMA Corporate Blog","description":"","potentialAction":[{"@type":"SearchAction","target":{"@type":"EntryPoint","urlTemplate":"https:\/\/www.sma-sunny.com\/es\/?s={search_term_string}"},"query-input":{"@type":"PropertyValueSpecification","valueRequired":true,"valueName":"search_term_string"}}],"inLanguage":"es"},{"@type":"Person","@id":"https:\/\/www.sma-sunny.com\/es\/#\/schema\/person\/0c7a2eaa3bbb153c869499cb1712b627","name":"Dagmar Buth-Parvaresh","image":{"@type":"ImageObject","inLanguage":"es","@id":"https:\/\/www.sma-sunny.com\/es\/#\/schema\/person\/image\/","url":"https:\/\/www.sma-sunny.com\/wp-content\/uploads\/2022\/08\/dagmar-120x120.jpg","contentUrl":"https:\/\/www.sma-sunny.com\/wp-content\/uploads\/2022\/08\/dagmar-120x120.jpg","caption":"Dagmar Buth-Parvaresh"},"description":"Public Relations Professional","url":"https:\/\/www.sma-sunny.com\/es\/author\/dagmar\/"}]}},"_links":{"self":[{"href":"https:\/\/www.sma-sunny.com\/es\/wp-json\/wp\/v2\/posts\/88986","targetHints":{"allow":["GET"]}}],"collection":[{"href":"https:\/\/www.sma-sunny.com\/es\/wp-json\/wp\/v2\/posts"}],"about":[{"href":"https:\/\/www.sma-sunny.com\/es\/wp-json\/wp\/v2\/types\/post"}],"author":[{"embeddable":true,"href":"https:\/\/www.sma-sunny.com\/es\/wp-json\/wp\/v2\/users\/10"}],"replies":[{"embeddable":true,"href":"https:\/\/www.sma-sunny.com\/es\/wp-json\/wp\/v2\/comments?post=88986"}],"version-history":[{"count":0,"href":"https:\/\/www.sma-sunny.com\/es\/wp-json\/wp\/v2\/posts\/88986\/revisions"}],"wp:featuredmedia":[{"embeddable":true,"href":"https:\/\/www.sma-sunny.com\/es\/wp-json\/wp\/v2\/media\/89039"}],"wp:attachment":[{"href":"https:\/\/www.sma-sunny.com\/es\/wp-json\/wp\/v2\/media?parent=88986"}],"wp:term":[{"taxonomy":"category","embeddable":true,"href":"https:\/\/www.sma-sunny.com\/es\/wp-json\/wp\/v2\/categories?post=88986"},{"taxonomy":"post_tag","embeddable":true,"href":"https:\/\/www.sma-sunny.com\/es\/wp-json\/wp\/v2\/tags?post=88986"}],"curies":[{"name":"wp","href":"https:\/\/api.w.org\/{rel}","templated":true}]}}